{"id":26154,"date":"2021-07-16T12:20:45","date_gmt":"2021-07-16T10:20:45","guid":{"rendered":"http:\/\/masquefa.cat\/noticies\/?p=26154"},"modified":"2021-07-16T12:21:25","modified_gmt":"2021-07-16T10:21:25","slug":"masquefa-es-dota-amb-un-pla-de-civisme-i-convivencia","status":"publish","type":"post","link":"https:\/\/masquefa.cat\/noticies\/masquefa-es-dota-amb-un-pla-de-civisme-i-convivencia\/","title":{"rendered":"Masquefa es dota amb un Pla de Civisme i Conviv\u00e8ncia"},"content":{"rendered":"<p><strong>El pla inclou com a principals accions la constituci\u00f3 de la Taula per a la Promoci\u00f3 del Civisme i la Conviv\u00e8ncia al municipi i l\u2019aprovaci\u00f3 d\u2019una nova Ordenan\u00e7a Municipal de Conviv\u00e8ncia i Civisme.<\/strong><\/p>\n<p>El Ple de l\u2019Ajuntament ha donat llum verda aquest mes de juliol al <a href=\"https:\/\/ajmasquefa-multimedia-wp.s3.eu-central-1.amazonaws.com\/wp-content\/uploads\/sites\/22\/2021\/07\/16121952\/PLA-CIVISME-I-CONVIV%C3%88NCIA-A-MASQUEFA.pdf\" target=\"_blank\" rel=\"noopener noreferrer\"><strong>Pla de Civisme i Conviv\u00e8ncia de Masquefa<\/strong><\/a> i a la constituci\u00f3 de la <strong>Taula per a la Promoci\u00f3 del Civisme i la Conviv\u00e8ncia al municipi<\/strong>; les dues principals eines amb que es dotar\u00e0 el consistori -amb la col\u00b7laboraci\u00f3 de la Diputaci\u00f3 de Barcelona- per al mandat 2020-2023 amb l\u2019objectiu de preservar i garantir la cura dels espais p\u00fablics.<\/p>\n<p>Aquest <a href=\"https:\/\/ajmasquefa-multimedia-wp.s3.eu-central-1.amazonaws.com\/wp-content\/uploads\/sites\/22\/2021\/07\/16121952\/PLA-CIVISME-I-CONVIV%C3%88NCIA-A-MASQUEFA.pdf\" target=\"_blank\" rel=\"noopener noreferrer\">pla<\/a> es desplegar\u00e0 sota el paraig\u00fces de la nova <strong>Regidoria de Civisme<\/strong> de l\u2019Ajuntament liderada inicialment pel regidor \u00c1lvaro P\u00e9rez i actualment per la regidora Isis Abad.<\/p>\n<p>La Taula per a la Promoci\u00f3 del Civisme i la Conviv\u00e8ncia de Masquefa coordinar\u00e0 i treballar\u00e0 de forma transversal totes les accions que el consistori desplega arreu del poble per abordar i erradicar pr\u00e0ctiques problem\u00e0tiques com ara l\u2019abandonament de voluminosos al carrer, el maltractament del mobiliari urb\u00e0 o la no recollida dels excrements dels animals dom\u00e8stics per part dels seus propietaris, entre d\u2019altres.<\/p>\n<p>Aquesta Taula estar\u00e0 formada per representants pol\u00edtics i t\u00e8cnics de diferents regidories de l\u2019Ajuntament: Civisme, Participaci\u00f3 Ciutadana, Comunicaci\u00f3, Governaci\u00f3, Benestar Social, Educaci\u00f3, Joventut i Igualtat.<\/p>\n<p><strong><u>Pla de Civisme i Conviv\u00e8ncia de Masquefa<\/u><\/strong><\/p>\n<p>El Pla de Civisme i Conviv\u00e8ncia de Masquefa es pot consultar en aquest <a href=\"https:\/\/ajmasquefa-multimedia-wp.s3.eu-central-1.amazonaws.com\/wp-content\/uploads\/sites\/22\/2021\/07\/16121952\/PLA-CIVISME-I-CONVIV%C3%88NCIA-A-MASQUEFA.pdf\" target=\"_blank\" rel=\"noopener noreferrer\"><strong>enlla\u00e7<\/strong> <\/a>i t\u00e9 com a <strong>objectius<\/strong>:<\/p>\n<ul>\n<li>Promoure la coresponsabilitat.<\/li>\n<li>Impulsar el sentiment de pertinen\u00e7a i arrelament.<\/li>\n<li>Donar a con\u00e8ixer els drets i els deures.<\/li>\n<li>Fomentar el respecte, l\u2019escolta, l\u2019empatia i la comunicaci\u00f3 assertiva.<\/li>\n<li>Afavorir la participaci\u00f3 diversa de la ciutadania.<\/li>\n<li>Donar eines als professionals i a la ciutadania en la gesti\u00f3 i resoluci\u00f3 de conflictes.<\/li>\n<li>\u00a0Incentivar el treball en xarxa.<\/li>\n<\/ul>\n<p>A m\u00e9s, el Pla inclou l\u2019execuci\u00f3 de diferents accions per a poder assolir aquests objectius; entre ells, com a m\u00e9s destacats, la creaci\u00f3 d\u2019una <strong>Taula per a la Promoci\u00f3 del Civisme i la Conviv\u00e8ncia al municipi<\/strong> i l\u2019elaboraci\u00f3 d\u2019una <strong>nova Ordenan\u00e7a Municipal de Conviv\u00e8ncia i Civisme<\/strong>.<\/p>\n<p><strong><u>Taula per a la Promoci\u00f3 i la Conviv\u00e8ncia a Masquefa<\/u><\/strong><\/p>\n<p>La Taula per a la Promoci\u00f3 de la Conviv\u00e8ncia \u00e9s un espai de treball, reconegut i amb representativitat de les diferents \u00e0rees i serveis de l\u2019Ajuntament que t\u00e9 com a finalitat <strong>promoure la conviv\u00e8ncia al municipi de manera col\u00b7laborativa, coordinada i participativa<\/strong> a partir de la planificaci\u00f3 i desenvolupament de pol\u00edtiques de conviv\u00e8ncia.<\/p>\n<p>\u00c9s un espai de treball idoni per <strong>analitzar, debatre, elaborar i avaluar pol\u00edtiques de conviv\u00e8ncia i estrat\u00e8gies d\u2019acci\u00f3<\/strong>, i al mateix temps per abordar de manera conjunta conflictes de conviv\u00e8ncia que puguin sorgir al municipi. T\u00e9 aquesta doble vessant: proactiva i reactiva.<\/p>\n<p>Tamb\u00e9 \u00e9s un espai per generar <strong>treball en xarxa amb els agents al territori<\/strong>, ja que t\u00e9 la capacitat d\u2019emmotllar-se i incloure altres administracions p\u00fabliques, entitats i col\u00b7lectius i\/o persones individuals actives tenint en compte el tema que s\u2019abordi.<\/p>\n<p><strong><u>Nova Ordenan\u00e7a Municipal de Conviv\u00e8ncia i Civisme<\/u><\/strong><\/p>\n<p>El compliment dels principis de civisme i conviv\u00e8ncia entre els ve\u00efns de Masquefa i entre les diferents generacions \u00e9s fonamental per combatre determinats actes vand\u00e0lics que suposen una gran despesa econ\u00f2mica en reparacions a l\u2019Ajuntament de Masquefa i mol\u00e8sties i malestar entre el ve\u00efnatge.<\/p>\n<p>Des de la Taula per a la Promoci\u00f3 del Civisme i la Conviv\u00e8ncia, el consistori est\u00e0 elaborant una nova ordenan\u00e7a c\u00edvica que <strong>ampliar\u00e0 l\u2019ordenan\u00e7a vigent i s\u2019adaptar\u00e0 a les noves necessitats de la vila<\/strong>. Mentrestant, i amb l\u2019objectiu de fomentar el compliment de l\u2019ordenan\u00e7a vigent, l\u2019Ajuntament, per abordar i evitar determinats actes inc\u00edvics que es produeixen actualment de forma reiterada, vol iniciar una <strong>campanya positiva<\/strong> centrada en quatre tem\u00e0tiques:<\/p>\n<ul>\n<li>Deixalles.<\/li>\n<li>Actes Vand\u00e0lics.<\/li>\n<li>Excrements d\u2019animal a la via p\u00fablica.<\/li>\n<li>Mobilitat de patinets.<\/li>\n<\/ul>\n<p>En aquesta campanya es vol fer esment de quina \u00e9s la sanci\u00f3 que marca l\u2019Ordenan\u00e7a C\u00edvica vigent envers a aquests actes inc\u00edvics, i tamb\u00e9 s\u2019informar\u00e0 a trav\u00e9s d\u2019aquestes campanyes, entre d\u2019altres, de:<\/p>\n<ul>\n<li>Pipicans.<\/li>\n<li>Servei i horaris de la deixalleria.<\/li>\n<li>Normativa general per la circulaci\u00f3 de patinets i vehicles de mobilitat individual que circulen per la via p\u00fablica.<\/li>\n<\/ul>\n","protected":false},"excerpt":{"rendered":"<p>El pla inclou com a principals accions la constituci\u00f3 de la Taula per a la Promoci\u00f3 del Civisme i la Conviv\u00e8ncia al municipi i l\u2019aprovaci\u00f3 d\u2019una nova Ordenan\u00e7a Municipal de Conviv\u00e8ncia i Civisme. El Ple de l\u2019Ajuntament ha donat llum verda aquest mes de juliol al Pla de Civisme i Conviv\u00e8ncia de Masquefa i a&hellip;<\/p>\n","protected":false},"author":7,"featured_media":26155,"comment_status":"closed","ping_status":"open","sticky":false,"template":"","format":"standard","meta":[],"categories":[96,104,1],"tags":[],"_links":{"self":[{"href":"https:\/\/masquefa.cat\/noticies\/wp-json\/wp\/v2\/posts\/26154"}],"collection":[{"href":"https:\/\/masquefa.cat\/noticies\/wp-json\/wp\/v2\/posts"}],"about":[{"href":"https:\/\/masquefa.cat\/noticies\/wp-json\/wp\/v2\/types\/post"}],"author":[{"embeddable":true,"href":"https:\/\/masquefa.cat\/noticies\/wp-json\/wp\/v2\/users\/7"}],"replies":[{"embeddable":true,"href":"https:\/\/masquefa.cat\/noticies\/wp-json\/wp\/v2\/comments?post=26154"}],"version-history":[{"count":2,"href":"https:\/\/masquefa.cat\/noticies\/wp-json\/wp\/v2\/posts\/26154\/revisions"}],"predecessor-version":[{"id":26158,"href":"https:\/\/masquefa.cat\/noticies\/wp-json\/wp\/v2\/posts\/26154\/revisions\/26158"}],"wp:featuredmedia":[{"embeddable":true,"href":"https:\/\/masquefa.cat\/noticies\/wp-json\/wp\/v2\/media\/26155"}],"wp:attachment":[{"href":"https:\/\/masquefa.cat\/noticies\/wp-json\/wp\/v2\/media?parent=26154"}],"wp:term":[{"taxonomy":"category","embeddable":true,"href":"https:\/\/masquefa.cat\/noticies\/wp-json\/wp\/v2\/categories?post=26154"},{"taxonomy":"post_tag","embeddable":true,"href":"https:\/\/masquefa.cat\/noticies\/wp-json\/wp\/v2\/tags?post=26154"}],"curies":[{"name":"wp","href":"https:\/\/api.w.org\/{rel}","templated":true}]}}