{"id":26203,"date":"2021-07-30T07:00:24","date_gmt":"2021-07-30T05:00:24","guid":{"rendered":"http:\/\/masquefa.cat\/noticies\/?p=26203"},"modified":"2021-07-26T13:06:06","modified_gmt":"2021-07-26T11:06:06","slug":"humana-recupera-mes-de-tres-tones-de-textil-usat-a-masquefa-al-primer-semestre-amb-un-benefici-ambiental-i-social","status":"publish","type":"post","link":"https:\/\/masquefa.cat\/noticies\/humana-recupera-mes-de-tres-tones-de-textil-usat-a-masquefa-al-primer-semestre-amb-un-benefici-ambiental-i-social\/","title":{"rendered":"Humana recupera m\u00e9s de tres tones de t\u00e8xtil usat a Masquefa al primer semestre amb un benefici ambiental i social"},"content":{"rendered":"<p><strong>La recollida selectiva de gener a juny equival a 16.000 peces de roba que seran reutilitzades o reciclades amb finalitat social.<\/strong> <strong>\u00c9s un augment del 72% respecte al mateix per\u00edode de l\u2019any passat. La recuperaci\u00f3 del residu t\u00e8xtil representa enguany un estalvi d\u201911 tones de CO<sub>2<\/sub> no emeses a l\u2019atmosfera.<\/strong><\/p>\n<p><strong><a href=\"http:\/\/www.humana-spain.org\/?&amp;lang=cat\" target=\"_blank\" rel=\"noopener noreferrer\">Humana Fundaci\u00f3n Pueblo para Pueblo<\/a><\/strong> ha recuperat <strong>3.586 kg de t\u00e8xtil usat a Masquefa<\/strong> durant el primer semestre del 2021 per a donar-les una segona vida mitjan\u00e7ant la reutilitzaci\u00f3 o el reciclat. La recollida selectiva de residu t\u00e8xtil representa un <strong>augment del 72,3%<\/strong> respecte els primers sis mesos de l\u2019any passat (2.081 kg).<\/p>\n<p>Els donants han revisat l\u2019armari i han dipositat als contenidors de la Fundaci\u00f3 la roba, el cal\u00e7at, els complements i el t\u00e8xtil de la llar que ja no utilitzen. Les m\u00e9s de tres tones recuperades per Humana equivalen a <strong>16.000 peces de roba que seran reutilitzades o reciclades<\/strong> i en veuran perllongat el cicle de vida \u00fatil.<\/p>\n<p>Aquesta gesti\u00f3 implica un <strong>doble benefici:<\/strong> el primer \u00e9s <strong>ambiental<\/strong> perqu\u00e8 en redueix la generaci\u00f3 de residus i evita que acabin en un abocador. La recuperaci\u00f3 del residu t\u00e8xtil durant el primer semestre representa un estalvi d\u201911 tones de CO<sub>2<\/sub> no emeses a l&#8217;atmosfera.<\/p>\n<p>El segon benefici \u00e9s <strong>social<\/strong>: consisteix en la creaci\u00f3 d\u2019ocupaci\u00f3 verda, Humana hi genera un lloc de treball per cada 30.000 kg de t\u00e8xtil recollit. A m\u00e9s, els recursos que se n\u2019obtenen es destinen a iniciatives socials: despr\u00e9s de m\u00e9s de tres d\u00e8cades d&#8217;activitat, tres milions de persones s&#8217;han vist involucrades als programes de desenvolupament que Humana du a terme als pa\u00efsos del Sud de la m\u00e0 de contraparts o socis locals; s\u00f3n projectes centrats en la formaci\u00f3 de professors de prim\u00e0ria, l\u2019impuls de l&#8217;agricultura sostenible o la lluita contra el VIH\/SIDA, entre altres accions.<\/p>\n<p><strong><u>La destinaci\u00f3 de la roba usada<\/u><\/strong><\/p>\n<p>La principal destinaci\u00f3 de la roba dipositada en els contenidors d&#8217;Humana \u00e9s la planta de preparaci\u00f3 per a la reutilitzaci\u00f3 de l\u2019Ametlla del Vall\u00e8s (Vall\u00e8s Oriental) i una petita part es ven a empreses de reutilitzaci\u00f3 i reciclatge. La destinaci\u00f3 de les peces tractades \u00e9s:<\/p>\n<ul>\n<li>El 54% es destina a la reutilitzaci\u00f3: el 14% mitjan\u00e7ant les botigues de moda sostenible d\u2019Humana i el 40% s&#8217;exporta, principalment a l\u2019\u00c0frica per a comercialitzar-la, fer accessible la roba als pa\u00efsos menys desenvolupats i generar-hi recursos per a la cooperaci\u00f3 al desenvolupament.<\/li>\n<li>El 37,5% es troba en un estat que no en permet la reutilitzaci\u00f3 i es ven a empreses de reciclatge per a qu\u00e8 elaborin altres productes (mantes, a\u00efllants o draps per a la ind\u00fastria d&#8217;automoci\u00f3).<\/li>\n<li>L\u20191,5% s\u00f3n residus impropis (pl\u00e0stics, cartrons, altres) que es posa en mans de gestors autoritzats corresponents.<\/li>\n<li>El 7% no es pot reutilitzar ni reciclar ni valoritzar energ\u00e8ticament i s&#8217;envia a un centre de tractament de residus per a disposici\u00f3 final.<\/li>\n<\/ul>\n<p><strong>\u00a0<\/strong><\/p>\n","protected":false},"excerpt":{"rendered":"<p>La recollida selectiva de gener a juny equival a 16.000 peces de roba que seran reutilitzades o reciclades amb finalitat social. \u00c9s un augment del 72% respecte al mateix per\u00edode de l\u2019any passat. La recuperaci\u00f3 del residu t\u00e8xtil representa enguany un estalvi d\u201911 tones de CO2 no emeses a l\u2019atmosfera. Humana Fundaci\u00f3n Pueblo para Pueblo&hellip;<\/p>\n","protected":false},"author":7,"featured_media":26204,"comment_status":"closed","ping_status":"open","sticky":false,"template":"","format":"standard","meta":[],"categories":[96,1,97],"tags":[],"_links":{"self":[{"href":"https:\/\/masquefa.cat\/noticies\/wp-json\/wp\/v2\/posts\/26203"}],"collection":[{"href":"https:\/\/masquefa.cat\/noticies\/wp-json\/wp\/v2\/posts"}],"about":[{"href":"https:\/\/masquefa.cat\/noticies\/wp-json\/wp\/v2\/types\/post"}],"author":[{"embeddable":true,"href":"https:\/\/masquefa.cat\/noticies\/wp-json\/wp\/v2\/users\/7"}],"replies":[{"embeddable":true,"href":"https:\/\/masquefa.cat\/noticies\/wp-json\/wp\/v2\/comments?post=26203"}],"version-history":[{"count":1,"href":"https:\/\/masquefa.cat\/noticies\/wp-json\/wp\/v2\/posts\/26203\/revisions"}],"predecessor-version":[{"id":26205,"href":"https:\/\/masquefa.cat\/noticies\/wp-json\/wp\/v2\/posts\/26203\/revisions\/26205"}],"wp:featuredmedia":[{"embeddable":true,"href":"https:\/\/masquefa.cat\/noticies\/wp-json\/wp\/v2\/media\/26204"}],"wp:attachment":[{"href":"https:\/\/masquefa.cat\/noticies\/wp-json\/wp\/v2\/media?parent=26203"}],"wp:term":[{"taxonomy":"category","embeddable":true,"href":"https:\/\/masquefa.cat\/noticies\/wp-json\/wp\/v2\/categories?post=26203"},{"taxonomy":"post_tag","embeddable":true,"href":"https:\/\/masquefa.cat\/noticies\/wp-json\/wp\/v2\/tags?post=26203"}],"curies":[{"name":"wp","href":"https:\/\/api.w.org\/{rel}","templated":true}]}}