{"id":26209,"date":"2021-07-27T12:06:10","date_gmt":"2021-07-27T10:06:10","guid":{"rendered":"http:\/\/masquefa.cat\/noticies\/?p=26209"},"modified":"2021-07-27T12:07:56","modified_gmt":"2021-07-27T10:07:56","slug":"aquest-estiu-no-toblidis-de-dipositar-correctament-els-residus-dels-envasos-de-vidre-al-contenidor-verd","status":"publish","type":"post","link":"https:\/\/masquefa.cat\/noticies\/aquest-estiu-no-toblidis-de-dipositar-correctament-els-residus-dels-envasos-de-vidre-al-contenidor-verd\/","title":{"rendered":"Aquest estiu no t\u2019oblidis de dipositar correctament els residus dels envasos de vidre al contenidor verd"},"content":{"rendered":"<p><strong>El contenidor per als envasos de vidre \u00e9s el de color verd i en ell s\u2019hi poden dipositar exclusivament pots, flascons i ampolles.<\/strong><\/p>\n<p>L\u2019Ajuntament de Masquefa, a trav\u00e9s de l\u2019\u00c0rea de Medi Ambient, fa una crida a tots el ve\u00efns a seguir col\u00b7laborant en la correcta gesti\u00f3 dels residus que es generen al municipi, amb l\u2019objectiu de garantir un bon funcionament i una millora continua de la <strong>recollida selectiva<\/strong>.<\/p>\n<p>En aquest sentit, des del consistori, es vol posar \u00e8mfasi aquest estiu en <strong>la correcta gesti\u00f3 dels envasos de vidre<\/strong>; una de les fraccions de residus m\u00e9s predominants.<\/p>\n<p><strong><u>A quin contenidor pertany la fracci\u00f3 de vidre?<\/u><\/strong><\/p>\n<p>El <strong>contenidor verd<\/strong> de reciclatge \u00e9s el dedicat al vidre. No obstant aix\u00f2, hi ha molts dubtes sobre qu\u00e8 hem de llen\u00e7ar a\u00a0aquest contenidor perqu\u00e8 s\u2019acostuma a confondre el vidre amb el cristall i no van els dos al mateix contenidor.<\/p>\n<p><strong><u>Quina \u00e9s la difer\u00e8ncia entre el vidre i el cristall?<\/u><\/strong><u>\u00a0<\/u><\/p>\n<p>S\u00f3n dos materials molt semblats. La difer\u00e8ncia b\u00e0sica radica \u00e9s\u00a0que el cristall cont\u00e9 \u00f2xid de plom, que \u00e9s el que li dona caracter\u00edstiques especials com la lluentor i el so per\u00f2, alhora, fa que no es pugui fondre en els mateixos forns que el vidre. \u00c9s per aquest motiu que\u00a0<strong>no es pot llen\u00e7ar al mateix contenidor.<\/strong><\/p>\n<p><strong><u>Qu\u00e8 es llen\u00e7a al contenidor verd?<\/u><\/strong><\/p>\n<p>El contenidor verd est\u00e0 espec\u00edficament restringit al vidre. I, per tant, en aquest hem de dipositar:<\/p>\n<ul>\n<li><strong>Ampolles de vi, aigua, suc, cervesa, licors o qualsevol altre l\u00edquid. <\/strong>Les hem d\u2019abocar sense el tap de pl\u00e0stic i, les ampolles de vi, sense el de suro.<\/li>\n<li><strong>Pots\u00a0de melmelades, llegums, mel, etc.<\/strong>, sense la tapa met\u00e0l\u00b7lica.<\/li>\n<li><strong>Flascons de cosm\u00e8tics, col\u00f2nia i perfums.<\/strong><\/li>\n<\/ul>\n<p><strong><u>Qu\u00e8 no es llen\u00e7a al contenidor verd de reciclatge?<\/u><\/strong><\/p>\n<p>No hi podem dipositar:<\/p>\n<ul>\n<li>Gots.<\/li>\n<li>Miralls.<\/li>\n<li>Finestres.<\/li>\n<li>Bombetes.<\/li>\n<li>Plats, tasses i altres cer\u00e0miques.<\/li>\n<li>Vitrocer\u00e0miques.<\/li>\n<li>Taps de suro<\/li>\n<li>Tapes met\u00e0l\u00b7liques.<\/li>\n<li>Bosses.<\/li>\n<\/ul>\n<p><strong><u>I si tinc:<\/u><\/strong><\/p>\n<ul>\n<li>Finestres i miralls.<\/li>\n<li>Bombetes de baix consum.<\/li>\n<li>Term\u00f2metres.<\/li>\n<li>Tubs fluorescents.<\/li>\n<\/ul>\n<p><strong><u>A on ho he de portar?<\/u><\/strong><\/p>\n<p>Aquests tipus de residus s\u2019han de porta a la deixalleria municipal.<\/p>\n<p>Per a\u00a0m\u00e9s informaci\u00f3\u00a0podeu consultar el web <a href=\"http:\/\/www.residuonvas.cat\" target=\"_blank\" rel=\"noopener noreferrer\">www.residuonvas.cat<\/a> o la seg\u00fcent <strong><a href=\"https:\/\/drive.google.com\/file\/d\/1n_tw_KayIkdIaQb57hgkd3VEDaE0vZez\/view\" target=\"_blank\" rel=\"noopener noreferrer\">infografia<\/a><\/strong>.<\/p>\n","protected":false},"excerpt":{"rendered":"<p>El contenidor per als envasos de vidre \u00e9s el de color verd i en ell s\u2019hi poden dipositar exclusivament pots, flascons i ampolles. L\u2019Ajuntament de Masquefa, a trav\u00e9s de l\u2019\u00c0rea de Medi Ambient, fa una crida a tots el ve\u00efns a seguir col\u00b7laborant en la correcta gesti\u00f3 dels residus que es generen al municipi, amb&hellip;<\/p>\n","protected":false},"author":7,"featured_media":26210,"comment_status":"closed","ping_status":"open","sticky":false,"template":"","format":"standard","meta":[],"categories":[96,1,97],"tags":[],"_links":{"self":[{"href":"https:\/\/masquefa.cat\/noticies\/wp-json\/wp\/v2\/posts\/26209"}],"collection":[{"href":"https:\/\/masquefa.cat\/noticies\/wp-json\/wp\/v2\/posts"}],"about":[{"href":"https:\/\/masquefa.cat\/noticies\/wp-json\/wp\/v2\/types\/post"}],"author":[{"embeddable":true,"href":"https:\/\/masquefa.cat\/noticies\/wp-json\/wp\/v2\/users\/7"}],"replies":[{"embeddable":true,"href":"https:\/\/masquefa.cat\/noticies\/wp-json\/wp\/v2\/comments?post=26209"}],"version-history":[{"count":1,"href":"https:\/\/masquefa.cat\/noticies\/wp-json\/wp\/v2\/posts\/26209\/revisions"}],"predecessor-version":[{"id":26211,"href":"https:\/\/masquefa.cat\/noticies\/wp-json\/wp\/v2\/posts\/26209\/revisions\/26211"}],"wp:featuredmedia":[{"embeddable":true,"href":"https:\/\/masquefa.cat\/noticies\/wp-json\/wp\/v2\/media\/26210"}],"wp:attachment":[{"href":"https:\/\/masquefa.cat\/noticies\/wp-json\/wp\/v2\/media?parent=26209"}],"wp:term":[{"taxonomy":"category","embeddable":true,"href":"https:\/\/masquefa.cat\/noticies\/wp-json\/wp\/v2\/categories?post=26209"},{"taxonomy":"post_tag","embeddable":true,"href":"https:\/\/masquefa.cat\/noticies\/wp-json\/wp\/v2\/tags?post=26209"}],"curies":[{"name":"wp","href":"https:\/\/api.w.org\/{rel}","templated":true}]}}