{"id":26416,"date":"2021-10-07T22:31:40","date_gmt":"2021-10-07T20:31:40","guid":{"rendered":"http:\/\/masquefa.cat\/noticies\/?p=26416"},"modified":"2021-10-07T22:31:40","modified_gmt":"2021-10-07T20:31:40","slug":"masquefa-tanca-una-nova-setmana-de-la-gent-gran-amb-un-gran-exit-de-participacio","status":"publish","type":"post","link":"https:\/\/masquefa.cat\/noticies\/masquefa-tanca-una-nova-setmana-de-la-gent-gran-amb-un-gran-exit-de-participacio\/","title":{"rendered":"Masquefa tanca una nova Setmana de la Gent Gran amb un gran \u00e8xit de participaci\u00f3"},"content":{"rendered":"<p><strong>L\u2019Ajuntament agraeix la implicaci\u00f3 de tots els ve\u00efns que n\u2019han pres part i felicita p\u00fablicament a totes les persones homenatjades. <\/strong><\/p>\n<p>Dijous 7 d\u2019octubre Masquefa va posar el punt final a la commemoraci\u00f3 de la <strong>Setmana de la Gent Gran<\/strong> d\u2019aquest 2021, un esdeveniment impulsat anualment per l\u2019Ajuntament i dedicat a promocionar el benestar de les persones de m\u00e9s edat del municipi i a posar en valor la seva import\u00e0ncia en la societat.<\/p>\n<p>Al llarg de tota una setmana, de l\u20191 al 7 d\u2019octubre, La F\u00e0brica Rogelio Rojo, la biblioteca i el Casal d\u2019Avis -que <a href=\"https:\/\/masquefa.cat\/noticies\/reobre-el-casal-davis-amb-totes-les-mesures-de-seguretat-sanitaries\/\" target=\"_blank\" rel=\"noopener noreferrer\">va reobrir el dia 1<\/a>&#8211; van la seu de <strong>diferents propostes que van resultar tot un \u00e8xit de participaci\u00f3<\/strong>. En aquest sentit, des del consistori es vol agrair p\u00fablicament la tasca duta a terme per totes les persones i entitats que han col\u00b7laborat en l\u2019organitzaci\u00f3, aix\u00ed com la implicaci\u00f3 de tots els ve\u00efns que han pres part activament dels actes.<\/p>\n<p>Aix\u00ed, entre les activitats que es van celebrar hi havia un taller de tupper-sex,\u00a0 el concert de Caf\u00e8 Trio, la Missa a la parr\u00f2quia de Sant Pere, un concert d\u2019havaneres amb Son de l\u2019Havana, el joc del bingo, una caminada saludable per diversos punts del municipi -amb la participaci\u00f3 d\u2019una vintena de persones-, un col\u00b7loqui amb viv\u00e8ncies de persones grans a la biblioteca, balls tropicals, una xerrada sobre com gestionar les p\u00e8rdues d\u2019\u00e9ssers estimats, la projecci\u00f3 de la pel\u00b7l\u00edcula \u201cEn guerra con mi abuelo\u201d, o l\u2019exposici\u00f3 de llibres de persones grans i escriptors grans.<\/p>\n<p>I finalment, com \u00e9s tradici\u00f3, l\u2019Ajuntament tamb\u00e9 va dur a terme un h<strong>omenatge a les persones m\u00e9s grans del municipi<\/strong>:<\/p>\n<ul>\n<li><strong>Diego Gallego Candil<\/strong>: t\u00e9 98 anys, va n\u00e9ixer l\u20191 de maig de 1923 a Oliva de la Frontera (Badajoz), i fa 14 anys que viu a Masquefa.<\/li>\n<li><strong>Luisa Ortega Guti\u00e9rrez:<\/strong> t\u00e9 97 anys, va n\u00e9ixer l\u20191 d\u2019abril de 1924 a Geria (Valladolid), i fa m\u00e9s de 40 anys que viu a Masquefa.<\/li>\n<li>Matrimoni format per <strong>Salvador Angl\u00e8s Montull<\/strong> i <strong>Purificaci\u00f3 Ferr\u00e0s Casanovas<\/strong>: en Salvador t\u00e9 95 anys i va n\u00e9ixer el 22 de setembre de 1926 a Igualada; mentre que la Purificaci\u00f3 t\u00e9 86 anys i va n\u00e9ixer el 9 de setembre de 1935 a Sant Lloren\u00e7 d\u2019Hortons. Tots dos viuen a La Beguda Alta i fa 64 anys que estan casats.<\/li>\n<\/ul>\n<p>&nbsp;<\/p>\n<p>&nbsp;<\/p>\n","protected":false},"excerpt":{"rendered":"<p>L\u2019Ajuntament agraeix la implicaci\u00f3 de tots els ve\u00efns que n\u2019han pres part i felicita p\u00fablicament a totes les persones homenatjades. Dijous 7 d\u2019octubre Masquefa va posar el punt final a la commemoraci\u00f3 de la Setmana de la Gent Gran d\u2019aquest 2021, un esdeveniment impulsat anualment per l\u2019Ajuntament i dedicat a promocionar el benestar de les&hellip;<\/p>\n","protected":false},"author":7,"featured_media":26417,"comment_status":"closed","ping_status":"open","sticky":false,"template":"","format":"standard","meta":[],"categories":[96,1,64],"tags":[],"_links":{"self":[{"href":"https:\/\/masquefa.cat\/noticies\/wp-json\/wp\/v2\/posts\/26416"}],"collection":[{"href":"https:\/\/masquefa.cat\/noticies\/wp-json\/wp\/v2\/posts"}],"about":[{"href":"https:\/\/masquefa.cat\/noticies\/wp-json\/wp\/v2\/types\/post"}],"author":[{"embeddable":true,"href":"https:\/\/masquefa.cat\/noticies\/wp-json\/wp\/v2\/users\/7"}],"replies":[{"embeddable":true,"href":"https:\/\/masquefa.cat\/noticies\/wp-json\/wp\/v2\/comments?post=26416"}],"version-history":[{"count":1,"href":"https:\/\/masquefa.cat\/noticies\/wp-json\/wp\/v2\/posts\/26416\/revisions"}],"predecessor-version":[{"id":26418,"href":"https:\/\/masquefa.cat\/noticies\/wp-json\/wp\/v2\/posts\/26416\/revisions\/26418"}],"wp:featuredmedia":[{"embeddable":true,"href":"https:\/\/masquefa.cat\/noticies\/wp-json\/wp\/v2\/media\/26417"}],"wp:attachment":[{"href":"https:\/\/masquefa.cat\/noticies\/wp-json\/wp\/v2\/media?parent=26416"}],"wp:term":[{"taxonomy":"category","embeddable":true,"href":"https:\/\/masquefa.cat\/noticies\/wp-json\/wp\/v2\/categories?post=26416"},{"taxonomy":"post_tag","embeddable":true,"href":"https:\/\/masquefa.cat\/noticies\/wp-json\/wp\/v2\/tags?post=26416"}],"curies":[{"name":"wp","href":"https:\/\/api.w.org\/{rel}","templated":true}]}}