{"id":26591,"date":"2021-11-15T08:43:18","date_gmt":"2021-11-15T07:43:18","guid":{"rendered":"http:\/\/masquefa.cat\/noticies\/?p=26591"},"modified":"2021-11-29T08:33:27","modified_gmt":"2021-11-29T07:33:27","slug":"masquefa-se-suma-al-25n-amb-una-setmana-plena-dactivitats-ludiques-i-reivindicatives","status":"publish","type":"post","link":"https:\/\/masquefa.cat\/noticies\/masquefa-se-suma-al-25n-amb-una-setmana-plena-dactivitats-ludiques-i-reivindicatives\/","title":{"rendered":"Masquefa se suma al 25N amb una setmana plena d\u2019activitats l\u00fadiques i reivindicatives"},"content":{"rendered":"<p><strong>Entre les diferents propostes destaquen la presentaci\u00f3 del Protocol local d\u2019actuaci\u00f3 davant les viol\u00e8ncies sexuals en espais p\u00fablics d\u2019oci, el 22 de novembre; o la concentraci\u00f3 popular que es dur\u00e0 a terme el dia 25 a la pla\u00e7a Josep Maria Vila. <\/strong><a href=\"https:\/\/ajmasquefa-multimedia-wp.s3.eu-central-1.amazonaws.com\/wp-content\/uploads\/sites\/22\/2021\/11\/23122327\/Manifest-25N-2021v2.pdf\" target=\"_blank\" rel=\"noopener noreferrer\"><em>Llegeix el manifest institucional.<\/em><\/a><\/p>\n<p>El 25 de novembre es commemora arreu del m\u00f3n el <strong>Dia internacional per a l\u2019eliminaci\u00f3 de la viol\u00e8ncia envers les dones<\/strong>, una jornada dedicada a posar de manifest l\u2019exist\u00e8ncia de les viol\u00e8ncies contra les dones en tota la seva magnitud, \u00a0aix\u00ed com la implicaci\u00f3 d\u2019administracions i societat per a facilitar recursos que la combatin i posicionar-se en contra de qualsevol forma de viol\u00e8ncia masclista.<\/p>\n<p>I Masquefa se sumar\u00e0 aquest 2021, un any m\u00e9s, a la celebraci\u00f3 d\u2019aquesta diada amb l\u2019organitzaci\u00f3 durant tota una setmana de<strong> diferents propostes de sensibilitzaci\u00f3<\/strong> de la m\u00e0 de l\u2019Ajuntament i el teixit associatiu local per tal de refermar el seu comprom\u00eds i convenciment en la prevenci\u00f3 i erradicaci\u00f3 de qualsevol pr\u00e0ctica i din\u00e0mica de viol\u00e8ncia que atempti contra les drets i la dignitat de les dones.<\/p>\n<p><strong><u>Presentaci\u00f3 del Protocol local d\u2019actuaci\u00f3 davant les viol\u00e8ncies sexuals en espais p\u00fablics d\u2019oci<\/u><\/strong><\/p>\n<p>Un dels actes centrals de la commemoraci\u00f3 del 25N a Masquefa ser\u00e0 la presentaci\u00f3 p\u00fablica del <strong><a href=\"https:\/\/masquefa.cat\/noticies\/masquefa-es-dota-amb-un-protocol-local-dactuacio-davant-les-violencies-sexuals-en-espais-publics-doci\/\" target=\"_blank\" rel=\"noopener noreferrer\">Protocol local d\u2019actuaci\u00f3 davant les viol\u00e8ncies sexuals en espais p\u00fablics d\u2019oci<\/a><\/strong>. El document va ser aprovat pel Ple de l\u2019Ajuntament a finals del mes d\u2019octubre i ha estat impulsat per l\u2019Ajuntament -amb el suport de la Diputaci\u00f3 de Barcelona i amb l\u2019assessorament de la consultoria de g\u00e8nere Noct\u00e1mbul@s- amb l\u2019objectiu d\u2019esdevenir una eina m\u00e9s per erradicar les viol\u00e8ncies masclistes contra les dones i el col\u00b7lectiu LGTBI al municipi.<\/p>\n<p>El protocol es presentar\u00e0 en un acte obert a tota la poblaci\u00f3 el dilluns <strong>22 de novembre<\/strong>. Ser\u00e0 a partir de les 18 h a la Sala Polivalent de La F\u00e0brica Rogelio Rojo.<\/p>\n<p><strong><u>Concentraci\u00f3 popular de protesta<\/u><\/strong><\/p>\n<p>Mentrestant, un altre dels actes principals del Dia internacional per a l\u2019eliminaci\u00f3 de la viol\u00e8ncia envers les dones ser\u00e0 la <strong>concentraci\u00f3 popular<\/strong> que l\u2019Ajuntament i l\u2019entitat Constel\u00b7laci\u00f3 Lila Associaci\u00f3 Feminista de Masquefa convoquen pel dijous 25 de novembre, a les 20 h, a la pla\u00e7a Josep Maria Vila.<\/p>\n<p><strong><u>Activitats per a tota la poblaci\u00f3<\/u><\/strong><\/p>\n<p>El programa de propostes del 25N a Masquefa el complementen activitats com la <strong>taula rodona \u201cPand\u00e8mia i confinament, com ho hem viscut les dones\u201d<\/strong> (23 de novembre, a les 18 h, a la Biblioteca a c\u00e0rrec de Constel\u00b7laci\u00f3 Lila Associaci\u00f3 Feminista de Masquefa); el <strong>taller \u201cViol\u00e8ncia de g\u00e8nere. Trets i reptes\u201d<\/strong> (24 de novembre, a les 18 h, a la Biblioteca a c\u00e0rrec de l\u2019Institut Diversitas); la <strong>classe oberta de defensa personal<\/strong> (25 de novembre, de 19 a 20 h, a la Sala l\u2019Agl\u00e0 de l\u2019Alzinar a c\u00e0rrec de l\u2019Alzinar Societat Recreativa i Cultural); o l\u2019<strong>exposici\u00f3 de llibres contra la viol\u00e8ncia envers les dones<\/strong> (del 22 al 30 de novembre a la Biblioteca).<\/p>\n<p><strong><u>Jornades sobre sexualitat i g\u00e8nere per a joves<\/u><\/strong><\/p>\n<p>Finalment, el Casal de Joves de Masquefa tamb\u00e9 s\u2019uneix a la commemoraci\u00f3 del 25N amb l\u2019impuls d\u2019una nova edici\u00f3 de les Jornades sobre sexualitat i g\u00e8nere per a joves. <strong>Del 22 al 26 de novembre<\/strong> l\u2019equipament impulsar\u00e0 diferents propostes a trav\u00e9s d\u2019aquest projecte que que t\u00e9 com a objectiu dotar els joves masquefins d\u2019informaci\u00f3, assessorament i atenci\u00f3 sobre tem\u00e0tiques relacionades amb la promoci\u00f3 d\u2019una sexualitat saludable, inclusiva i respectuosa.<\/p>\n<p>Entre els actes que se celebraran hi ha l\u2019exposici\u00f3 \u201cTot el que vols saber i et fa vergonya preguntar\u201d, un cinef\u00f2rum, una sex truck o un tupper sex.<\/p>\n<p>&nbsp;<\/p>\n<p>&nbsp;<\/p>\n<p>&nbsp;<\/p>\n","protected":false},"excerpt":{"rendered":"<p>Entre les diferents propostes destaquen la presentaci\u00f3 del Protocol local d\u2019actuaci\u00f3 davant les viol\u00e8ncies sexuals en espais p\u00fablics d\u2019oci, el 22 de novembre; o la concentraci\u00f3 popular que es dur\u00e0 a terme el dia 25 a la pla\u00e7a Josep Maria Vila. Llegeix el manifest institucional. El 25 de novembre es commemora arreu del m\u00f3n el&hellip;<\/p>\n","protected":false},"author":7,"featured_media":26592,"comment_status":"closed","ping_status":"open","sticky":false,"template":"","format":"standard","meta":[],"categories":[96,1,100],"tags":[],"_links":{"self":[{"href":"https:\/\/masquefa.cat\/noticies\/wp-json\/wp\/v2\/posts\/26591"}],"collection":[{"href":"https:\/\/masquefa.cat\/noticies\/wp-json\/wp\/v2\/posts"}],"about":[{"href":"https:\/\/masquefa.cat\/noticies\/wp-json\/wp\/v2\/types\/post"}],"author":[{"embeddable":true,"href":"https:\/\/masquefa.cat\/noticies\/wp-json\/wp\/v2\/users\/7"}],"replies":[{"embeddable":true,"href":"https:\/\/masquefa.cat\/noticies\/wp-json\/wp\/v2\/comments?post=26591"}],"version-history":[{"count":2,"href":"https:\/\/masquefa.cat\/noticies\/wp-json\/wp\/v2\/posts\/26591\/revisions"}],"predecessor-version":[{"id":26616,"href":"https:\/\/masquefa.cat\/noticies\/wp-json\/wp\/v2\/posts\/26591\/revisions\/26616"}],"wp:featuredmedia":[{"embeddable":true,"href":"https:\/\/masquefa.cat\/noticies\/wp-json\/wp\/v2\/media\/26592"}],"wp:attachment":[{"href":"https:\/\/masquefa.cat\/noticies\/wp-json\/wp\/v2\/media?parent=26591"}],"wp:term":[{"taxonomy":"category","embeddable":true,"href":"https:\/\/masquefa.cat\/noticies\/wp-json\/wp\/v2\/categories?post=26591"},{"taxonomy":"post_tag","embeddable":true,"href":"https:\/\/masquefa.cat\/noticies\/wp-json\/wp\/v2\/tags?post=26591"}],"curies":[{"name":"wp","href":"https:\/\/api.w.org\/{rel}","templated":true}]}}