{"id":26604,"date":"2021-12-09T08:00:48","date_gmt":"2021-12-09T07:00:48","guid":{"rendered":"http:\/\/masquefa.cat\/noticies\/?p=26604"},"modified":"2021-12-09T11:07:11","modified_gmt":"2021-12-09T10:07:11","slug":"participa-en-una-xerrada-sobre-tradicions-nadalenques-a-la-unio-europea","status":"publish","type":"post","link":"https:\/\/masquefa.cat\/noticies\/participa-en-una-xerrada-sobre-tradicions-nadalenques-a-la-unio-europea\/","title":{"rendered":"Coneix les tradicions nadalenques a la Uni\u00f3 Europea"},"content":{"rendered":"<p><strong>L\u2019Ajuntament organitza una xerrada sobre tradicions nadalenques a la Uni\u00f3 Europea pel proper 17 de desembre al Casal d\u2019Avis. <\/strong><\/p>\n<p>Les festes de Nadal ja s\u2019acosten i \u00e9s una celebraci\u00f3 que uneix, des de la diversitat, a tota Europa. Per donar a con\u00e8ixer el conjunt de tradicions existents a la Uni\u00f3 Europea, l&#8217;Ajuntament organitza una xerrada que porta per t\u00edtol <strong>&#8220;Tradicions nadalenques a la Uni\u00f3 Europea&#8221;<\/strong>.<\/p>\n<p>La sessi\u00f3, on es repassaran les diferents maneres de celebrar el Nadal, estar\u00e0 presentada i dinamitzada per <strong>Joaquim Mill\u00e1n<\/strong>, director d\u2019Eurolocal i expert coneixedor de la diversitat cultural europea.<\/p>\n<p>La xerrada, <strong>no recomanada per p\u00fablic infantil<\/strong>, tindr\u00e0 lloc el divendres <strong>17 de desembre<\/strong> a les 18.30 h al Casal d\u2019Avis. Al finalitzar l\u2019acte, i com a pr\u00e8via de les festes de Nadal, se servir\u00e0 una copa de cava i coca.<\/p>\n","protected":false},"excerpt":{"rendered":"<p>L\u2019Ajuntament organitza una xerrada sobre tradicions nadalenques a la Uni\u00f3 Europea pel proper 17 de desembre al Casal d\u2019Avis. Les festes de Nadal ja s\u2019acosten i \u00e9s una celebraci\u00f3 que uneix, des de la diversitat, a tota Europa. Per donar a con\u00e8ixer el conjunt de tradicions existents a la Uni\u00f3 Europea, l&#8217;Ajuntament organitza una xerrada&hellip;<\/p>\n","protected":false},"author":7,"featured_media":26605,"comment_status":"closed","ping_status":"open","sticky":false,"template":"","format":"standard","meta":[],"categories":[96,1,102],"tags":[],"_links":{"self":[{"href":"https:\/\/masquefa.cat\/noticies\/wp-json\/wp\/v2\/posts\/26604"}],"collection":[{"href":"https:\/\/masquefa.cat\/noticies\/wp-json\/wp\/v2\/posts"}],"about":[{"href":"https:\/\/masquefa.cat\/noticies\/wp-json\/wp\/v2\/types\/post"}],"author":[{"embeddable":true,"href":"https:\/\/masquefa.cat\/noticies\/wp-json\/wp\/v2\/users\/7"}],"replies":[{"embeddable":true,"href":"https:\/\/masquefa.cat\/noticies\/wp-json\/wp\/v2\/comments?post=26604"}],"version-history":[{"count":3,"href":"https:\/\/masquefa.cat\/noticies\/wp-json\/wp\/v2\/posts\/26604\/revisions"}],"predecessor-version":[{"id":26608,"href":"https:\/\/masquefa.cat\/noticies\/wp-json\/wp\/v2\/posts\/26604\/revisions\/26608"}],"wp:featuredmedia":[{"embeddable":true,"href":"https:\/\/masquefa.cat\/noticies\/wp-json\/wp\/v2\/media\/26605"}],"wp:attachment":[{"href":"https:\/\/masquefa.cat\/noticies\/wp-json\/wp\/v2\/media?parent=26604"}],"wp:term":[{"taxonomy":"category","embeddable":true,"href":"https:\/\/masquefa.cat\/noticies\/wp-json\/wp\/v2\/categories?post=26604"},{"taxonomy":"post_tag","embeddable":true,"href":"https:\/\/masquefa.cat\/noticies\/wp-json\/wp\/v2\/tags?post=26604"}],"curies":[{"name":"wp","href":"https:\/\/api.w.org\/{rel}","templated":true}]}}