{"id":26785,"date":"2022-01-21T11:18:30","date_gmt":"2022-01-21T10:18:30","guid":{"rendered":"http:\/\/masquefa.cat\/noticies\/?p=26785"},"modified":"2022-01-21T11:18:30","modified_gmt":"2022-01-21T10:18:30","slug":"participa-en-la-redaccio-del-nou-poum-de-masquefa","status":"publish","type":"post","link":"https:\/\/masquefa.cat\/noticies\/participa-en-la-redaccio-del-nou-poum-de-masquefa\/","title":{"rendered":"Participa en la redacci\u00f3 del nou POUM de Masquefa!"},"content":{"rendered":"<p><strong>En una sessi\u00f3 informativa online que tindr\u00e0 lloc el proper 28 de gener es presentaran els detalls del proc\u00e9s participatiu.<\/strong><\/p>\n<p>L\u2019Ajuntament est\u00e0 treballant en la revisi\u00f3 del <strong>Pla d\u2019Ordenaci\u00f3 Urban\u00edstica Municipal<\/strong>\u00a0(POUM) de Masquefa, una eina b\u00e0sica per a la gesti\u00f3 urbana municipal i el desenvolupament estrat\u00e8gic del municipi que ha de permetre dissenyar el futur de la vila per als propers anys.<\/p>\n<p>En aquest sentit, el pr\u00f2xim divendres <strong>28 de gener<\/strong> se celebrar\u00e0 per via telem\u00e0tica una <strong>sessi\u00f3 informativa <\/strong>on s\u2019explicaran tots els detalls del projecte. La jornada tindr\u00e0 lloc a partir de les <strong>12 h<\/strong> i es podr\u00e0 seguir en directe a trav\u00e9s del <strong><a href=\"https:\/\/www.youtube.com\/user\/radiomasquefa\" target=\"_blank\" rel=\"noopener noreferrer\">canal de YouTube de R\u00e0dio Masquefa<\/a><\/strong>.<\/p>\n<p>Daniel Guti\u00e9rrez, regidor de Planejament urban\u00edstic, fa una crida a la participaci\u00f3 i explica que <strong>\u201cel POUM ens permetr\u00e0 <\/strong><strong>definir el model sostenible de municipi per als pr\u00f2xims anys i, per tant, marcar\u00e0 gran part de les transformacions futures de Masquefa. Per aix\u00f2, \u00e9s cabdal que la poblaci\u00f3 s\u2019hi pugui implicar i puguem definir la nostra vila de manera conjunta\u201d.<\/strong><\/p>\n<p><strong><u>Es celebraran tallers participatius oberts a tota la ciutadania<\/u><\/strong><\/p>\n<p>Durant els <strong>mesos de<\/strong> <strong>febrer i mar\u00e7<\/strong> es desenvolupar\u00e0 un <strong>proc\u00e9s participatiu <\/strong>per tal de recollir l\u2019opini\u00f3 de la ciutadania envers diferents aspectes de Masquefa relacionats amb el model de municipi, els equipaments, l\u2019habitatge, la mobilitat, entre d\u2019altres. Aquest proc\u00e9s ser\u00e0 obert a totes les persones i\/o entitats del municipi; i properament es donaran a con\u00e8ixer les dates i llocs de les diverses jornades participatives de treball.<\/p>\n<p>Per tal de complementar les aportacions realitzades en els tallers presencials de propostes, tamb\u00e9 s\u2019habilitar\u00e0 una <strong>q\u00fcestionari virtual<\/strong> al web <a href=\"http:\/\/www.masquefa.cat\" target=\"_blank\" rel=\"noopener noreferrer\">www.masquefa.cat<\/a> del qual se\u2019n donaran m\u00e9s detalls en els propers dies.<\/p>\n<p><strong><u>Qu\u00e8 \u00e9s un POUM?<\/u><\/strong><\/p>\n<p>El Pla d\u2019Ordenaci\u00f3 Urban\u00edstica Municipal (POUM) \u00e9s un instrument de planificaci\u00f3 que ordena urban\u00edsticament tot el territori del terme municipal de Masquefa, dissenyant el seu desenvolupament i els creixements futurs tenint en compte criteris de sostenibilitat.<\/p>\n<p>El POUM ha de definir el creixement i millorar la imatge del municipi, els serveis i els equipaments, aix\u00ed com l\u2019espai p\u00fablic, els espais verds, i tamb\u00e9 definir el model de mobilitat local i fixar les bases del model econ\u00f2mic del municipi. Cal buscar l\u2019equilibri entre la necessitat de creixement i la preservaci\u00f3 dels recursos naturals i valors paisatg\u00edstics, hist\u00f2rics i culturals del municipi. Al POUM, en definitiva, li correspon dibuixar el municipi que volem per a les generacions futures.<\/p>\n","protected":false},"excerpt":{"rendered":"<p>En una sessi\u00f3 informativa online que tindr\u00e0 lloc el proper 28 de gener es presentaran els detalls del proc\u00e9s participatiu. L\u2019Ajuntament est\u00e0 treballant en la revisi\u00f3 del Pla d\u2019Ordenaci\u00f3 Urban\u00edstica Municipal\u00a0(POUM) de Masquefa, una eina b\u00e0sica per a la gesti\u00f3 urbana municipal i el desenvolupament estrat\u00e8gic del municipi que ha de permetre dissenyar el futur&hellip;<\/p>\n","protected":false},"author":7,"featured_media":26786,"comment_status":"closed","ping_status":"open","sticky":false,"template":"","format":"standard","meta":[],"categories":[96,1,105],"tags":[],"_links":{"self":[{"href":"https:\/\/masquefa.cat\/noticies\/wp-json\/wp\/v2\/posts\/26785"}],"collection":[{"href":"https:\/\/masquefa.cat\/noticies\/wp-json\/wp\/v2\/posts"}],"about":[{"href":"https:\/\/masquefa.cat\/noticies\/wp-json\/wp\/v2\/types\/post"}],"author":[{"embeddable":true,"href":"https:\/\/masquefa.cat\/noticies\/wp-json\/wp\/v2\/users\/7"}],"replies":[{"embeddable":true,"href":"https:\/\/masquefa.cat\/noticies\/wp-json\/wp\/v2\/comments?post=26785"}],"version-history":[{"count":1,"href":"https:\/\/masquefa.cat\/noticies\/wp-json\/wp\/v2\/posts\/26785\/revisions"}],"predecessor-version":[{"id":26787,"href":"https:\/\/masquefa.cat\/noticies\/wp-json\/wp\/v2\/posts\/26785\/revisions\/26787"}],"wp:featuredmedia":[{"embeddable":true,"href":"https:\/\/masquefa.cat\/noticies\/wp-json\/wp\/v2\/media\/26786"}],"wp:attachment":[{"href":"https:\/\/masquefa.cat\/noticies\/wp-json\/wp\/v2\/media?parent=26785"}],"wp:term":[{"taxonomy":"category","embeddable":true,"href":"https:\/\/masquefa.cat\/noticies\/wp-json\/wp\/v2\/categories?post=26785"},{"taxonomy":"post_tag","embeddable":true,"href":"https:\/\/masquefa.cat\/noticies\/wp-json\/wp\/v2\/tags?post=26785"}],"curies":[{"name":"wp","href":"https:\/\/api.w.org\/{rel}","templated":true}]}}