{"id":26834,"date":"2022-03-28T10:00:41","date_gmt":"2022-03-28T08:00:41","guid":{"rendered":"http:\/\/masquefa.cat\/noticies\/?p=26834"},"modified":"2022-03-28T11:03:00","modified_gmt":"2022-03-28T09:03:00","slug":"lajuntament-engega-una-campanya-de-comunicacio-i-sensibilitzacio-destinada-a-la-millora-de-la-recollida-selectiva-de-residus-municipals","status":"publish","type":"post","link":"https:\/\/masquefa.cat\/noticies\/lajuntament-engega-una-campanya-de-comunicacio-i-sensibilitzacio-destinada-a-la-millora-de-la-recollida-selectiva-de-residus-municipals\/","title":{"rendered":"Reciclar t\u00e9 premi! Inscriu-te al programa d\u2019Inspecci\u00f3 T\u00e8cnica de Residus i redueix el cost de la teva taxa d&#8217;escombraries"},"content":{"rendered":"<p><strong>La campanya, la qual, s\u2019engloba sota el lema \u201cMasquefa, recicla i estalvia!\u201d, va adre\u00e7ada a tots els habitants i comer\u00e7os del municipi. A m\u00e9s, tamb\u00e9 pret\u00e9n involucrar els alumnes de les escoles de Masquefa per traslladar els bons h\u00e0bits del reciclatge de forma generalitzada.<\/strong><\/p>\n<p>L\u2019Ajuntament de Masquefa engega una campanya de comunicaci\u00f3 i sensibilitzaci\u00f3 destinada a la <strong>millora de la recollida selectiva<\/strong> de residus municipals amb la col\u00b7laboraci\u00f3 de l\u2019empresa ARUM CONSULTORIA AMBIENTAL i el suport\u00a0 de\u00a0 l\u2019empresa de serveis de recollida de residus CLD.<\/p>\n<p>Es tracta d\u2019una iniciativa que t\u00e9 per objectiu <strong>fomentar una correcta separaci\u00f3 en origen dels residus<\/strong>, per tal de millorar tant la quantitat com la qualitat de la recollida selectiva del municipi, i d\u2019aquesta manera, donar compliment a les directives europees que obliguen a <strong>aconseguir el 60% de reciclatge en residus municipals per l\u2019any 2030<\/strong>.<\/p>\n<p>La campanya, la qual, s\u2019engloba sota el lema <strong>\u201cMasquefa, recicla i estalvia!\u201d<\/strong>, va adre\u00e7ada a tots els habitants i comer\u00e7os del municipi. A m\u00e9s, tamb\u00e9 pret\u00e9n involucrar els alumnes de les escoles de Masquefa per traslladar els bons h\u00e0bits del reciclatge de forma generalitzada.<\/p>\n<p>La campanya preveu un seguit d\u2019actuacions i materials de comunicaci\u00f3 per poder assolir aquest objectiu. En aquest sentit, durant el mes de febrer s\u2019iniciar\u00e0 el <strong>programa d\u2019Inspecci\u00f3 T\u00e8cnica de Residus<\/strong> (ITR). Aquest programa \u00e9s voluntari, gratu\u00eft i dirigit a tots els domicilis i comer\u00e7os del municipi. En el cas dels domicilis, el programa d\u2019ITR permetr\u00e0 rebaixar fins a un 5% el cost de la taxa d\u2019escombraries si es realitza un bon reciclatge. En canvi, en el cas del comer\u00e7 local, aquesta reducci\u00f3 de la taxa podr\u00e0 arribar fins al 20%.<\/p>\n<p><strong><u>Com hi puc participar?<\/u><\/strong><\/p>\n<p>Per adherir-se al programa nom\u00e9s cal sol\u00b7licitar-ho a l\u2019Ajuntament a trav\u00e9s d\u2019una <strong>inst\u00e0ncia presencial o telem\u00e0ticament<\/strong>. El termini de les sol\u00b7licituds \u00e9s fins al dia 31 de mar\u00e7.<\/p>\n<p><strong><u>Com funciona?<\/u><\/strong><\/p>\n<p>Les persones o comer\u00e7os que s\u2019inscriguin al programa rebran <strong>tres visites d\u2019un educador\/a ambiental <\/strong>durant aquest 2022 per verificar que es recicla correctament, i aix\u00ed, poder obtenir aquesta rebaixa.<\/p>\n<p>Aquest 2022, i per primera vegada, l\u2019ordenan\u00e7a fiscal aprovada estableix una reducci\u00f3 en la taxa de recollida de residus destinada als establiments comercials. A m\u00e9s, els establiments que superin positivament les tres inspeccions, se\u2019ls hi facilitar\u00e0 un adhesiu acreditatiu, per tal de comunicar a la ciutadania que en aquell establiment es realitza correctament la recollida selectiva.<\/p>\n<p>L\u2019Ajuntament de Masquefa \u00e0nima a tota la ciutadania i establiments comercials a inscriure\u2019s per tal de contribuir en la millora de la recollida selectiva del municipi.<\/p>\n<p>Per poder fer un seguiment de totes les actuacions realitzades durant la campanya i estar al corrent de totes les not\u00edcies, nom\u00e9s cal visitar la p\u00e0gina web <a href=\"http:\/\/www.masquefa.cat\" target=\"_blank\" rel=\"noopener noreferrer\">www.masquefa.cat<\/a> o seguir les xarxes socials de l\u2019Ajuntament.<\/p>\n<p>&nbsp;<\/p>\n<p><a class=\"dt-single-image\" href=\"https:\/\/ajmasquefa-multimedia-wp.s3.eu-central-1.amazonaws.com\/wp-content\/uploads\/sites\/22\/2022\/02\/07110240\/Dise%C3%B1o-sin-t%C3%ADtulo-11.jpg\" data-dt-img-description=\"\"><img decoding=\"async\" loading=\"lazy\" class=\"size-full wp-image-26941 aligncenter\" src=\"https:\/\/ajmasquefa-multimedia-wp.s3.eu-central-1.amazonaws.com\/wp-content\/uploads\/sites\/22\/2022\/02\/07110240\/Dise%C3%B1o-sin-t%C3%ADtulo-11.jpg\" alt=\"\" width=\"480\" height=\"320\" \/><\/a><\/p>\n","protected":false},"excerpt":{"rendered":"<p>La campanya, la qual, s\u2019engloba sota el lema \u201cMasquefa, recicla i estalvia!\u201d, va adre\u00e7ada a tots els habitants i comer\u00e7os del municipi. A m\u00e9s, tamb\u00e9 pret\u00e9n involucrar els alumnes de les escoles de Masquefa per traslladar els bons h\u00e0bits del reciclatge de forma generalitzada. L\u2019Ajuntament de Masquefa engega una campanya de comunicaci\u00f3 i sensibilitzaci\u00f3 destinada&hellip;<\/p>\n","protected":false},"author":7,"featured_media":26959,"comment_status":"closed","ping_status":"open","sticky":false,"template":"","format":"standard","meta":[],"categories":[96,1,97],"tags":[],"_links":{"self":[{"href":"https:\/\/masquefa.cat\/noticies\/wp-json\/wp\/v2\/posts\/26834"}],"collection":[{"href":"https:\/\/masquefa.cat\/noticies\/wp-json\/wp\/v2\/posts"}],"about":[{"href":"https:\/\/masquefa.cat\/noticies\/wp-json\/wp\/v2\/types\/post"}],"author":[{"embeddable":true,"href":"https:\/\/masquefa.cat\/noticies\/wp-json\/wp\/v2\/users\/7"}],"replies":[{"embeddable":true,"href":"https:\/\/masquefa.cat\/noticies\/wp-json\/wp\/v2\/comments?post=26834"}],"version-history":[{"count":13,"href":"https:\/\/masquefa.cat\/noticies\/wp-json\/wp\/v2\/posts\/26834\/revisions"}],"predecessor-version":[{"id":26972,"href":"https:\/\/masquefa.cat\/noticies\/wp-json\/wp\/v2\/posts\/26834\/revisions\/26972"}],"wp:featuredmedia":[{"embeddable":true,"href":"https:\/\/masquefa.cat\/noticies\/wp-json\/wp\/v2\/media\/26959"}],"wp:attachment":[{"href":"https:\/\/masquefa.cat\/noticies\/wp-json\/wp\/v2\/media?parent=26834"}],"wp:term":[{"taxonomy":"category","embeddable":true,"href":"https:\/\/masquefa.cat\/noticies\/wp-json\/wp\/v2\/categories?post=26834"},{"taxonomy":"post_tag","embeddable":true,"href":"https:\/\/masquefa.cat\/noticies\/wp-json\/wp\/v2\/tags?post=26834"}],"curies":[{"name":"wp","href":"https:\/\/api.w.org\/{rel}","templated":true}]}}