{"id":26867,"date":"2022-02-21T11:44:25","date_gmt":"2022-02-21T10:44:25","guid":{"rendered":"http:\/\/masquefa.cat\/noticies\/?p=26867"},"modified":"2022-02-21T12:43:23","modified_gmt":"2022-02-21T11:43:23","slug":"loav-i-la-policia-local-canvien-temporalment-de-seu-per-obres-darranjament-als-seus-edificis","status":"publish","type":"post","link":"https:\/\/masquefa.cat\/noticies\/loav-i-la-policia-local-canvien-temporalment-de-seu-per-obres-darranjament-als-seus-edificis\/","title":{"rendered":"L\u2019OAV i la Policia Local canvien temporalment de seu per obres d\u2019arranjament als seus edificis"},"content":{"rendered":"<p><strong>Mentre durin els treballs el servei de l\u2019OAV es prestar\u00e0 al CTC; i el de la Policia Local, a R\u00e0dio Masquefa.<\/strong><\/p>\n<p>L\u2019Ajuntament de Masquefa informa a tots els ve\u00efns que a finals d\u2019aquesta setmana comen\u00e7aran les <strong>obres d\u2019arranjament<\/strong> de les oficines municipals de la Casa de la Vila (c\/ Major, 93) i de l\u2019edifici de la Policia Local (c\/Sant Antoni, 2).<\/p>\n<p>Durant el desenvolupament dels treballs <strong>tant l\u2019Oficina d\u2019Atenci\u00f3 al Vilat\u00e0 (OAV) com la Policia Local canviaran temporalment de seu <\/strong>per a poder seguir prestant servei a la poblaci\u00f3.<\/p>\n<p>Aix\u00ed, mentre s\u2019executen les obres <strong>la Policia Local s\u2019ubicar\u00e0 temporalment a la seu de R\u00e0dio Masquefa<\/strong> (c\/ Crehueta 10 &#8211; l&#8217;emissora seguir\u00e0 emetent); i <strong>l\u2019OAV s\u2019habilitar\u00e0 temporalment al Centre Tecnol\u00f2gic Comunitari<\/strong> (av. Catalunya, 62 \u2013 porta d\u2019acc\u00e9s Masquef@ula).<\/p>\n<p>Al llarg d\u2019aquesta setmana es far\u00e0 efectiu el trasllat. Per tant, tots aquells ve\u00efns que s\u2019hagin d\u2019adre\u00e7ar a l\u2019OAV o a la Policia Local caldr\u00e0 que sol\u00b7licitin cita pr\u00e8via trucant als tel\u00e8fons 93 772 60 25 (Policia Local) i 93 772 50 30, ext. 1 (OAV).<\/p>\n<p>L\u2019Ajuntament agraeix la col\u00b7laboraci\u00f3 i comprensi\u00f3 i demana disculpes als ve\u00efns per les mol\u00e8sties que pugui causar aquesta mesura.<\/p>\n","protected":false},"excerpt":{"rendered":"<p>Mentre durin els treballs el servei de l\u2019OAV es prestar\u00e0 al CTC; i el de la Policia Local, a R\u00e0dio Masquefa. L\u2019Ajuntament de Masquefa informa a tots els ve\u00efns que a finals d\u2019aquesta setmana comen\u00e7aran les obres d\u2019arranjament de les oficines municipals de la Casa de la Vila (c\/ Major, 93) i de l\u2019edifici de&hellip;<\/p>\n","protected":false},"author":7,"featured_media":26868,"comment_status":"closed","ping_status":"open","sticky":false,"template":"","format":"standard","meta":[],"categories":[96,1,54],"tags":[],"_links":{"self":[{"href":"https:\/\/masquefa.cat\/noticies\/wp-json\/wp\/v2\/posts\/26867"}],"collection":[{"href":"https:\/\/masquefa.cat\/noticies\/wp-json\/wp\/v2\/posts"}],"about":[{"href":"https:\/\/masquefa.cat\/noticies\/wp-json\/wp\/v2\/types\/post"}],"author":[{"embeddable":true,"href":"https:\/\/masquefa.cat\/noticies\/wp-json\/wp\/v2\/users\/7"}],"replies":[{"embeddable":true,"href":"https:\/\/masquefa.cat\/noticies\/wp-json\/wp\/v2\/comments?post=26867"}],"version-history":[{"count":2,"href":"https:\/\/masquefa.cat\/noticies\/wp-json\/wp\/v2\/posts\/26867\/revisions"}],"predecessor-version":[{"id":26870,"href":"https:\/\/masquefa.cat\/noticies\/wp-json\/wp\/v2\/posts\/26867\/revisions\/26870"}],"wp:featuredmedia":[{"embeddable":true,"href":"https:\/\/masquefa.cat\/noticies\/wp-json\/wp\/v2\/media\/26868"}],"wp:attachment":[{"href":"https:\/\/masquefa.cat\/noticies\/wp-json\/wp\/v2\/media?parent=26867"}],"wp:term":[{"taxonomy":"category","embeddable":true,"href":"https:\/\/masquefa.cat\/noticies\/wp-json\/wp\/v2\/categories?post=26867"},{"taxonomy":"post_tag","embeddable":true,"href":"https:\/\/masquefa.cat\/noticies\/wp-json\/wp\/v2\/tags?post=26867"}],"curies":[{"name":"wp","href":"https:\/\/api.w.org\/{rel}","templated":true}]}}