{"id":26986,"date":"2022-03-28T07:00:11","date_gmt":"2022-03-28T05:00:11","guid":{"rendered":"http:\/\/masquefa.cat\/noticies\/?p=26986"},"modified":"2022-03-28T08:07:47","modified_gmt":"2022-03-28T06:07:47","slug":"loficina-mobil-dinformacio-al-consumidor-arriba-a-masquefa-2","status":"publish","type":"post","link":"https:\/\/masquefa.cat\/noticies\/loficina-mobil-dinformacio-al-consumidor-arriba-a-masquefa-2\/","title":{"rendered":"L\u2019Oficina M\u00f2bil d\u2019Informaci\u00f3 al Consumidor arriba a Masquefa"},"content":{"rendered":"<p><strong>Dimecres 30 de mar\u00e7 t\u00e8cnics de la Diputaci\u00f3 de Barcelona atendran de forma gratu\u00efta i personalitzada dubtes i q\u00fcestions relacionades amb l\u2019\u00e0mbit del consum.<\/strong><\/p>\n<p>L\u2019Ajuntament de Masquefa i la Diputaci\u00f3 de Barcelona organitzen dimecres <strong>30 de mar\u00e7<\/strong> una visita al municipi de l\u2019<strong>Oficina M\u00f2bil del Consumidor<\/strong>. El servei \u00e9s gratu\u00eft i s\u2019instal\u00b7lar\u00e0 davant del Centre Tecnol\u00f2gic Comunitari (CTC) de 10.30 a 13 h.<\/p>\n<p>Els t\u00e8cnics de l\u2019Oficina atendran de forma presencial i personalitzada a cadascuna de les persones que requereixin el servei i oferiran <strong>assessorament en l\u2019\u00e0mbit de la defensa dels seus drets com a consumidors<\/strong>.<\/p>\n<p>En aquest sentit, es resoldran dubtes, q\u00fcestions i queixes sobre consum, comer\u00e7, compra o lloguer d\u2019habitatges, serveis bancaris, vehicles, etiquetatge i garanties dels productes, serveis post-venta, assegurances, viatges, etc\u00e8tera.<\/p>\n","protected":false},"excerpt":{"rendered":"<p>Dimecres 30 de mar\u00e7 t\u00e8cnics de la Diputaci\u00f3 de Barcelona atendran de forma gratu\u00efta i personalitzada dubtes i q\u00fcestions relacionades amb l\u2019\u00e0mbit del consum. L\u2019Ajuntament de Masquefa i la Diputaci\u00f3 de Barcelona organitzen dimecres 30 de mar\u00e7 una visita al municipi de l\u2019Oficina M\u00f2bil del Consumidor. El servei \u00e9s gratu\u00eft i s\u2019instal\u00b7lar\u00e0 davant del Centre&hellip;<\/p>\n","protected":false},"author":7,"featured_media":26987,"comment_status":"closed","ping_status":"open","sticky":false,"template":"","format":"standard","meta":[],"categories":[96,108,1,54],"tags":[],"_links":{"self":[{"href":"https:\/\/masquefa.cat\/noticies\/wp-json\/wp\/v2\/posts\/26986"}],"collection":[{"href":"https:\/\/masquefa.cat\/noticies\/wp-json\/wp\/v2\/posts"}],"about":[{"href":"https:\/\/masquefa.cat\/noticies\/wp-json\/wp\/v2\/types\/post"}],"author":[{"embeddable":true,"href":"https:\/\/masquefa.cat\/noticies\/wp-json\/wp\/v2\/users\/7"}],"replies":[{"embeddable":true,"href":"https:\/\/masquefa.cat\/noticies\/wp-json\/wp\/v2\/comments?post=26986"}],"version-history":[{"count":1,"href":"https:\/\/masquefa.cat\/noticies\/wp-json\/wp\/v2\/posts\/26986\/revisions"}],"predecessor-version":[{"id":26988,"href":"https:\/\/masquefa.cat\/noticies\/wp-json\/wp\/v2\/posts\/26986\/revisions\/26988"}],"wp:featuredmedia":[{"embeddable":true,"href":"https:\/\/masquefa.cat\/noticies\/wp-json\/wp\/v2\/media\/26987"}],"wp:attachment":[{"href":"https:\/\/masquefa.cat\/noticies\/wp-json\/wp\/v2\/media?parent=26986"}],"wp:term":[{"taxonomy":"category","embeddable":true,"href":"https:\/\/masquefa.cat\/noticies\/wp-json\/wp\/v2\/categories?post=26986"},{"taxonomy":"post_tag","embeddable":true,"href":"https:\/\/masquefa.cat\/noticies\/wp-json\/wp\/v2\/tags?post=26986"}],"curies":[{"name":"wp","href":"https:\/\/api.w.org\/{rel}","templated":true}]}}