{"id":27079,"date":"2022-03-31T10:22:12","date_gmt":"2022-03-31T08:22:12","guid":{"rendered":"http:\/\/masquefa.cat\/noticies\/?p=27079"},"modified":"2022-03-31T10:22:12","modified_gmt":"2022-03-31T08:22:12","slug":"convocatoria-per-a-la-contractacio-duna-placa-dauxiliar-administratiu-i-tres-places-doperaris-per-a-la-neteja-de-la-via-publica","status":"publish","type":"post","link":"https:\/\/masquefa.cat\/noticies\/convocatoria-per-a-la-contractacio-duna-placa-dauxiliar-administratiu-i-tres-places-doperaris-per-a-la-neteja-de-la-via-publica\/","title":{"rendered":"Convocat\u00f2ria per a la contractaci\u00f3 d&#8217;una pla\u00e7a d\u2019auxiliar administratiu i tres places d\u2019operaris per a la neteja de la via p\u00fablica"},"content":{"rendered":"<p><strong>Les sol\u00b7licituds es poden presentar de l&#8217;1 al 13 d&#8217;abril.<\/strong><\/p>\n<p>L\u2019Ajuntament de Masquefa informa que s\u2019ha obert la convocat\u00f2ria per a la contractaci\u00f3 d&#8217;<strong>una pla\u00e7a d\u2019auxiliar administratiu<\/strong> i <strong>tres places d\u2019operaris per a la neteja de la via p\u00fablica<\/strong>, en el marc dels plans d&#8217;ocupaci\u00f3 per a l&#8217;any 2022.<\/p>\n<p>Les sol\u00b7licituds es poden presentar<strong> de l&#8217;1 al 13 d&#8217;abril (ambd\u00f3s inclosos) <\/strong>i tant les bases, com els requisits i la informaci\u00f3 es poden consultar en aquest\u00a0<a href=\"https:\/\/ajmasquefa-multimedia-wp.s3.eu-central-1.amazonaws.com\/wp-content\/uploads\/sites\/22\/2022\/03\/31102144\/INCI-PRESENTACI%C3%93-SOL%C2%B7LICITUDS_Proc%C3%A9s-selectiu-mitjan%C3%A7ant-PLA-OCUPACI%C3%93-PER-LANY-2022-per-cobrir-3-llocs-doperari-neteja-via-publica-i-1-pla%C3%A7a-aux.-administratiu.pdf\" target=\"_blank\" rel=\"noopener noreferrer\"><strong>enlla\u00e7<\/strong><\/a>.<\/p>\n","protected":false},"excerpt":{"rendered":"<p>Les sol\u00b7licituds es poden presentar de l&#8217;1 al 13 d&#8217;abril. L\u2019Ajuntament de Masquefa informa que s\u2019ha obert la convocat\u00f2ria per a la contractaci\u00f3 d&#8217;una pla\u00e7a d\u2019auxiliar administratiu i tres places d\u2019operaris per a la neteja de la via p\u00fablica, en el marc dels plans d&#8217;ocupaci\u00f3 per a l&#8217;any 2022. Les sol\u00b7licituds es poden presentar de&hellip;<\/p>\n","protected":false},"author":7,"featured_media":0,"comment_status":"closed","ping_status":"open","sticky":false,"template":"","format":"standard","meta":[],"categories":[96,1,107],"tags":[],"_links":{"self":[{"href":"https:\/\/masquefa.cat\/noticies\/wp-json\/wp\/v2\/posts\/27079"}],"collection":[{"href":"https:\/\/masquefa.cat\/noticies\/wp-json\/wp\/v2\/posts"}],"about":[{"href":"https:\/\/masquefa.cat\/noticies\/wp-json\/wp\/v2\/types\/post"}],"author":[{"embeddable":true,"href":"https:\/\/masquefa.cat\/noticies\/wp-json\/wp\/v2\/users\/7"}],"replies":[{"embeddable":true,"href":"https:\/\/masquefa.cat\/noticies\/wp-json\/wp\/v2\/comments?post=27079"}],"version-history":[{"count":1,"href":"https:\/\/masquefa.cat\/noticies\/wp-json\/wp\/v2\/posts\/27079\/revisions"}],"predecessor-version":[{"id":27082,"href":"https:\/\/masquefa.cat\/noticies\/wp-json\/wp\/v2\/posts\/27079\/revisions\/27082"}],"wp:attachment":[{"href":"https:\/\/masquefa.cat\/noticies\/wp-json\/wp\/v2\/media?parent=27079"}],"wp:term":[{"taxonomy":"category","embeddable":true,"href":"https:\/\/masquefa.cat\/noticies\/wp-json\/wp\/v2\/categories?post=27079"},{"taxonomy":"post_tag","embeddable":true,"href":"https:\/\/masquefa.cat\/noticies\/wp-json\/wp\/v2\/tags?post=27079"}],"curies":[{"name":"wp","href":"https:\/\/api.w.org\/{rel}","templated":true}]}}