{"id":27088,"date":"2022-04-04T10:02:10","date_gmt":"2022-04-04T08:02:10","guid":{"rendered":"http:\/\/masquefa.cat\/noticies\/?p=27088"},"modified":"2022-04-04T10:02:10","modified_gmt":"2022-04-04T08:02:10","slug":"mira-masquefa-el-nou-web-de-turisme-i-promocio-del-territori","status":"publish","type":"post","link":"https:\/\/masquefa.cat\/noticies\/mira-masquefa-el-nou-web-de-turisme-i-promocio-del-territori\/","title":{"rendered":"\u201cMira Masquefa\u201d, el nou web de turisme i promoci\u00f3 del territori"},"content":{"rendered":"<p><strong>L\u2019Ajuntament posa en marxa el portal <\/strong><a href=\"http:\/\/www.miramasquefa.cat\" target=\"_blank\" rel=\"noopener noreferrer\"><strong>www.miramasquefa.cat<\/strong><\/a><strong>, que reuneix totes les propostes tur\u00edstiques, d\u2019oci, culturals i de serveis que ofereix el municipi.<\/strong><\/p>\n<p>L\u2019Ajuntament ha impulsat el nou portal web <a href=\"http:\/\/www.miramasquefa.cat\" target=\"_blank\" rel=\"noopener noreferrer\"><strong>www.miramasquefa.cat<\/strong><\/a>, un espai virtual on qualsevol persona o fam\u00edlia del municipi o interessada en gaudir i con\u00e8ixer, venir a viure o invertir a Masquefa t\u00e9 tota la informaci\u00f3 al seu abast. La p\u00e0gina web ha estat dissenyada pels serveis t\u00e8cnics de la Regidoria de Promoci\u00f3 del Territori i finan\u00e7ada amb el suport de la Diputaci\u00f3 de Barcelona.<\/p>\n<p>Daniel Guti\u00e9rrez, regidor de Promoci\u00f3 del Territori, explica que <strong>\u201cMira Masquefa \u00e9s un pas m\u00e9s en la promoci\u00f3 territorial de Masquefa que dona resposta a la necessitat de traslladar la vitalitat i el dinamisme de la societat masquefina. \u00c9s un nou espai de recursos que treballa la identitat cultural de Masquefa i la generaci\u00f3 d\u2019atracci\u00f3 vers el nostre territori\u201d<\/strong>.<\/p>\n<p>El web <a href=\"http:\/\/www.miramasquefa.cat\" target=\"_blank\" rel=\"noopener noreferrer\">www.miramasquefa.cat<\/a> est\u00e0 format per cinc \u00e0mbits tem\u00e0tics que aporten una visi\u00f3 transversal i hol\u00edstica del territori i la seva activitat:<\/p>\n<ul>\n<li><a href=\"https:\/\/miramasquefa.cat\/\" target=\"_blank\" rel=\"noopener noreferrer\"><strong>P\u00e0gina principal:<\/strong><\/a> amb una gran imatge de Masquefa i activitats destacades. Tamb\u00e9 t\u00e9 un acc\u00e9s directe als serveis m\u00e9s importants del municipi. Aquesta p\u00e0gina incorpora el calendari de les principals activitats tur\u00edstiques, festives, esportives i d\u2019oci, aix\u00ed com un canal de not\u00edcies.<\/li>\n<li><a href=\"https:\/\/miramasquefa.cat\/un-dia-a-masquefa\/\" target=\"_blank\" rel=\"noopener noreferrer\"><strong>Un dia a Masquefa:<\/strong><\/a> qu\u00e8 pots fer si vens a Masquefa? S\u2019han preparat els millors pacs d\u2019activitats que uneixen activitats, gastronomia i shopping.<\/li>\n<li><a href=\"https:\/\/miramasquefa.cat\/explora\/\" target=\"_blank\" rel=\"noopener noreferrer\"><strong>Explora:<\/strong><\/a> les millors rutes per gaudir caminant, corrent o en bicicleta. Aquest apartat incorporar\u00e0 rutes proposades per entitats i col\u00b7lectius de Masquefa.<\/li>\n<li><a href=\"https:\/\/miramasquefa.cat\/patrimoni-i-tradicions\/\" target=\"_blank\" rel=\"noopener noreferrer\"><strong>Patrimoni i tradicions:<\/strong><\/a> el patrimoni cultural, les festes i el seguici festiu tot a un clic. Tamb\u00e9 incorpora un banc de fotos antigues de Masquefa ordenada per col\u00b7leccions i un acc\u00e9s al mapa de patrimoni de Masquefa.<\/li>\n<li><a href=\"https:\/\/miramasquefa.cat\/exposicions-virtuals\/\" target=\"_blank\" rel=\"noopener noreferrer\"><strong>Exposicions virtuals:<\/strong><\/a> un espai destinat a acollir els treballs creatius i art\u00edstics dels ve\u00efns i les ve\u00efnes de Masquefa. Un espai col\u00b7laboratiu mostra de la din\u00e0mica cultural de Masquefa. La primera exposici\u00f3 \u00e9s \u201cEl pas del temps\u201d, de Juan Antonio L\u00f3pez, on es plasma l\u2019evoluci\u00f3 urban\u00edstica de Masquefa al llarg del segle XX i inicis del segle\u00a0XXI.<\/li>\n<\/ul>\n<p>&nbsp;<\/p>\n","protected":false},"excerpt":{"rendered":"<p>L\u2019Ajuntament posa en marxa el portal www.miramasquefa.cat, que reuneix totes les propostes tur\u00edstiques, d\u2019oci, culturals i de serveis que ofereix el municipi. L\u2019Ajuntament ha impulsat el nou portal web www.miramasquefa.cat, un espai virtual on qualsevol persona o fam\u00edlia del municipi o interessada en gaudir i con\u00e8ixer, venir a viure o invertir a Masquefa t\u00e9 tota&hellip;<\/p>\n","protected":false},"author":7,"featured_media":27089,"comment_status":"closed","ping_status":"open","sticky":false,"template":"","format":"standard","meta":[],"categories":[96,1,106],"tags":[],"_links":{"self":[{"href":"https:\/\/masquefa.cat\/noticies\/wp-json\/wp\/v2\/posts\/27088"}],"collection":[{"href":"https:\/\/masquefa.cat\/noticies\/wp-json\/wp\/v2\/posts"}],"about":[{"href":"https:\/\/masquefa.cat\/noticies\/wp-json\/wp\/v2\/types\/post"}],"author":[{"embeddable":true,"href":"https:\/\/masquefa.cat\/noticies\/wp-json\/wp\/v2\/users\/7"}],"replies":[{"embeddable":true,"href":"https:\/\/masquefa.cat\/noticies\/wp-json\/wp\/v2\/comments?post=27088"}],"version-history":[{"count":1,"href":"https:\/\/masquefa.cat\/noticies\/wp-json\/wp\/v2\/posts\/27088\/revisions"}],"predecessor-version":[{"id":27090,"href":"https:\/\/masquefa.cat\/noticies\/wp-json\/wp\/v2\/posts\/27088\/revisions\/27090"}],"wp:featuredmedia":[{"embeddable":true,"href":"https:\/\/masquefa.cat\/noticies\/wp-json\/wp\/v2\/media\/27089"}],"wp:attachment":[{"href":"https:\/\/masquefa.cat\/noticies\/wp-json\/wp\/v2\/media?parent=27088"}],"wp:term":[{"taxonomy":"category","embeddable":true,"href":"https:\/\/masquefa.cat\/noticies\/wp-json\/wp\/v2\/categories?post=27088"},{"taxonomy":"post_tag","embeddable":true,"href":"https:\/\/masquefa.cat\/noticies\/wp-json\/wp\/v2\/tags?post=27088"}],"curies":[{"name":"wp","href":"https:\/\/api.w.org\/{rel}","templated":true}]}}