{"id":27228,"date":"2022-05-05T08:10:31","date_gmt":"2022-05-05T06:10:31","guid":{"rendered":"http:\/\/masquefa.cat\/noticies\/?p=27228"},"modified":"2022-05-05T12:22:06","modified_gmt":"2022-05-05T10:22:06","slug":"primera-xerrada-del-cicle-masquefa-amb-visio-europea","status":"publish","type":"post","link":"https:\/\/masquefa.cat\/noticies\/primera-xerrada-del-cicle-masquefa-amb-visio-europea\/","title":{"rendered":"Primera xerrada del cicle \u201cMasquefa amb visi\u00f3 europea\u201d"},"content":{"rendered":"<p><strong>\u201cMasquefa amb visi\u00f3 europea\u201d \u00e9s un cicle de tres xerrades sobre tem\u00e0tiques europees i locals que se celebren a la Biblioteca.<\/strong><\/p>\n<p>Dimecres 4 de maig es va celebrar la primera xerrada del cicle amb el t\u00edtol <strong>\u201cSostenibilitat: per una economia circular del territori\u201d<\/strong>, a c\u00e0rrec d\u2019Oriol L\u00e1zaro, secretari general del Consell Catal\u00e0 del Moviment Europeu. Aquesta pon\u00e8ncia forma part dels actes del <strong>Dia d\u2019Europa<\/strong> que se celebra el 9 de maig.<\/p>\n<p>L\u00e1zaro va oferir una exposici\u00f3 centrada en l\u2019<strong>Agenda 2030 <\/strong>i els <strong>Objectius de Desenvolupament Sostenible<\/strong> com a full de ruta i aconseguir un canvi de paradigma que permeti a les societats cr\u00e9ixer econ\u00f2micament i de forma sostenible; \u00e9s a dir, sent conscients i coherents amb les necessitats i capacitats dels territoris i garantint un futur digne a les properes generacions. Per aconseguir el repte va transmetre els valors de l\u2019<strong>economia circular <\/strong>i la import\u00e0ncia que els territoris, les institucions i la ciutadania l\u2019assumeixi per assegurar el futur. \u00a0L\u2019economia circular t\u00e9 com a objectiu que el valor dels productes, els materials i els recursos es mantingui en l\u2019economia durant el m\u00e0xim temps possible, reduint al m\u00ednim els residus.<\/p>\n<p>Posteriorment, es va obrir un vibrant debat amb el p\u00fablic assistent a la sessi\u00f3. En el torn de paraules es va parlar de la gesti\u00f3 dels electrodom\u00e8stics, de l\u2019obsolesc\u00e8ncia programada, del comer\u00e7 de proximitat o de la capacitat del consumidor local de condicionar el comer\u00e7 per tal que aquest esdevingui m\u00e9s sostenible.<\/p>\n<p>Les properes xerrades del cicle \u201cMasquefa amb visi\u00f3 europea\u201d seran:<\/p>\n<ul>\n<li><strong>Emma Gumbert, vicepresidenta de PIMEC<\/strong>: \u201cRelacions laborals sostenibles: un nou marc laboral\u201d. Dimecres 8 de juny, a les 18.30 h, a la Biblioteca de Masquefa.<\/li>\n<li><strong>Arnau Queralt, director del Consell Assessor pel Desenvolupament Sostenible de la Generalitat de Catalunya<\/strong>: \u201cDigitalitzaci\u00f3 per una millor connectivitat de la ciutadania\u201d. Durant el mes de setembre, en una data encara per a confirmar, a la Biblioteca de Masquefa.<\/li>\n<\/ul>\n<p>El cicle \u201cMasquefa amb visi\u00f3 europea\u201d est\u00e0 organitzat per la Regidoria de Visi\u00f3 Europea de l\u2019Ajuntament de Masquefa amb el suport de l\u2019\u00c0rea de Relacions Internacionals de Diputaci\u00f3 de Barcelona i el suport de la consultoria Euro-Local.<\/p>\n","protected":false},"excerpt":{"rendered":"<p>\u201cMasquefa amb visi\u00f3 europea\u201d \u00e9s un cicle de tres xerrades sobre tem\u00e0tiques europees i locals que se celebren a la Biblioteca. Dimecres 4 de maig es va celebrar la primera xerrada del cicle amb el t\u00edtol \u201cSostenibilitat: per una economia circular del territori\u201d, a c\u00e0rrec d\u2019Oriol L\u00e1zaro, secretari general del Consell Catal\u00e0 del Moviment Europeu.&hellip;<\/p>\n","protected":false},"author":7,"featured_media":27229,"comment_status":"closed","ping_status":"open","sticky":false,"template":"","format":"standard","meta":[],"categories":[96,1,102],"tags":[],"_links":{"self":[{"href":"https:\/\/masquefa.cat\/noticies\/wp-json\/wp\/v2\/posts\/27228"}],"collection":[{"href":"https:\/\/masquefa.cat\/noticies\/wp-json\/wp\/v2\/posts"}],"about":[{"href":"https:\/\/masquefa.cat\/noticies\/wp-json\/wp\/v2\/types\/post"}],"author":[{"embeddable":true,"href":"https:\/\/masquefa.cat\/noticies\/wp-json\/wp\/v2\/users\/7"}],"replies":[{"embeddable":true,"href":"https:\/\/masquefa.cat\/noticies\/wp-json\/wp\/v2\/comments?post=27228"}],"version-history":[{"count":1,"href":"https:\/\/masquefa.cat\/noticies\/wp-json\/wp\/v2\/posts\/27228\/revisions"}],"predecessor-version":[{"id":27230,"href":"https:\/\/masquefa.cat\/noticies\/wp-json\/wp\/v2\/posts\/27228\/revisions\/27230"}],"wp:featuredmedia":[{"embeddable":true,"href":"https:\/\/masquefa.cat\/noticies\/wp-json\/wp\/v2\/media\/27229"}],"wp:attachment":[{"href":"https:\/\/masquefa.cat\/noticies\/wp-json\/wp\/v2\/media?parent=27228"}],"wp:term":[{"taxonomy":"category","embeddable":true,"href":"https:\/\/masquefa.cat\/noticies\/wp-json\/wp\/v2\/categories?post=27228"},{"taxonomy":"post_tag","embeddable":true,"href":"https:\/\/masquefa.cat\/noticies\/wp-json\/wp\/v2\/tags?post=27228"}],"curies":[{"name":"wp","href":"https:\/\/api.w.org\/{rel}","templated":true}]}}