{"id":27231,"date":"2022-05-05T08:22:42","date_gmt":"2022-05-05T06:22:42","guid":{"rendered":"http:\/\/masquefa.cat\/noticies\/?p=27231"},"modified":"2022-05-05T12:22:05","modified_gmt":"2022-05-05T10:22:05","slug":"trobada-institucional-amb-el-consell-catala-del-moviment-europeu","status":"publish","type":"post","link":"https:\/\/masquefa.cat\/noticies\/trobada-institucional-amb-el-consell-catala-del-moviment-europeu\/","title":{"rendered":"Trobada institucional amb el Consell Catal\u00e0 del Moviment Europeu"},"content":{"rendered":"<p><strong>En el marc de la celebraci\u00f3 del Dia d\u2019Europa l\u2019Ajuntament de Masquefa s\u2019ha trobat amb el secretari general del Consell Catal\u00e0 del Moviment Europeu, Oriol L\u00e1zaro.<\/strong><\/p>\n<p>La trobada es va realitzar el dimecres 4 de maig i hi van ser presents l\u2019alcalde de Masquefa, Xavier Boquete, el regidor de Visi\u00f3 Europea, Daniel Guti\u00e9rrez, i el regidor d\u2019Innovaci\u00f3 del Teixit Econ\u00f2mic, Iv\u00e1n Fraile.<\/p>\n<p>El secretari general del <strong>Consell Catal\u00e0 del Moviment Europeu<\/strong> va traslladar a l\u2019Ajuntament de Masquefa la declaraci\u00f3 institucional del <strong>Dia d\u2019Europa<\/strong> que se celebra el proper dilluns <strong>9 de maig<\/strong>. El govern de Masquefa traslladar\u00e0 l\u2019adhesi\u00f3 a la declaraci\u00f3 en el proper Ple municipal.<\/p>\n<p>La <strong>Declaraci\u00f3 del Dia d\u2019Europa 2022<\/strong> est\u00e0 centrada en tres aspectes principals: el conflicte b\u00e8l\u00b7lic a Ucra\u00efna i el paper de pau de la Uni\u00f3 Europea; la import\u00e0ncia de la creaci\u00f3 i aplicaci\u00f3 dels fons Next Generation i el temps post-covid19; i una profunda reflexi\u00f3 sobre els valors de la Uni\u00f3 Europea respecte a la dignitat humana, la llibertat, la democr\u00e0cia o la igualtat davant dels populismes d\u2019extrema dreta i antieuropeistes.<\/p>\n<p>Tamb\u00e9 es van tractar altres temes relacionats amb el m\u00f3n local i la Uni\u00f3 Europea com \u00e9s la gesti\u00f3 dels fons Next Generation o la transici\u00f3 energ\u00e8tica en el marc del Pacte Verd Europeu.<\/p>\n<p><strong><u>El Dia d\u2019Europa a Masquefa<\/u><\/strong><\/p>\n<p>Masquefa tamb\u00e9 celebra el Dia d\u2019Europa. Aquest any s\u2019han proposat un conjunt d\u2019accions institucionals i culturals per transmetre els valors de la Uni\u00f3 Europea:<\/p>\n<ul>\n<li>Confer\u00e8ncia inaugural del cicle \u201cMasquefa amb Visi\u00f3 Europea\u201d. Dijous 4 de maig a la Biblioteca de Masquefa.<\/li>\n<li>Obra de teatre pels centres educatius de Masquefa: \u201cKal\u00f2psia, un planeta no tan diferent\u201d. Dilluns, 9 de maig (Dia d\u2019Europa) a la Sala Polivalent de La F\u00e0brica Rogelio Rojo. Acte ofert per la delegaci\u00f3 a Barcelona de la Comissi\u00f3 Europea.<\/li>\n<li>Lectura de la Declaraci\u00f3 del Dia d\u2019Europa. Dijous 12 de maig al Ple Municipal.<\/li>\n<\/ul>\n<p><strong><u>El Consell Catal\u00e0 del Moviment Europeu<\/u><\/strong><\/p>\n<p>L\u2019Ajuntament de Masquefa en forma part des de l\u2019any 2021 i \u00e9s una associaci\u00f3 pluralista i independent amb personalitat jur\u00eddica pr\u00f2pia, formada per col\u00b7lectius i persones f\u00edsiques que desenvolupa les seves activitats europeistes dins de l\u2019\u00e0mbit territorial de Catalunya.<\/p>\n<p>Est\u00e0 integrada per una \u00e0mplia representaci\u00f3 de la societat catalana: partits pol\u00edtics, organitzacions empresarials, organitzacions sindicals, ajuntaments, universitats, associacions econ\u00f2miques, professionals i acad\u00e8miques que s\u00f3n el reflex de la pluralitat professional, ideol\u00f2gica i pol\u00edtica de la societat civil d\u2019Europa, treballant conjuntament en la construcci\u00f3 d\u2019una Europa unida.<\/p>\n<p>El Consell Catal\u00e0 t\u00e9 com a finalitat treballar per aconseguir una Europa que avanci decidida vers una veritable uni\u00f3 pol\u00edtica, una Europa federal respectuosa amb la diversitat dels seus pobles i entesa com un espai geopol\u00edtic, econ\u00f2mic, cultural i social, presidit pels principis d\u2019igualtat, llibertat, seguretat, solidaritat i just\u00edcia, on els ciutadans europeus en siguin els protagonistes. Aix\u00ed mateix, el Consell Catal\u00e0 treballa per fomentar i aprofundir a Catalunya les relacions entre els diferents pobles, nacionalitats i regions d\u2019Europa de cara a la unitat europea.<\/p>\n","protected":false},"excerpt":{"rendered":"<p>En el marc de la celebraci\u00f3 del Dia d\u2019Europa l\u2019Ajuntament de Masquefa s\u2019ha trobat amb el secretari general del Consell Catal\u00e0 del Moviment Europeu, Oriol L\u00e1zaro. La trobada es va realitzar el dimecres 4 de maig i hi van ser presents l\u2019alcalde de Masquefa, Xavier Boquete, el regidor de Visi\u00f3 Europea, Daniel Guti\u00e9rrez, i el&hellip;<\/p>\n","protected":false},"author":7,"featured_media":27232,"comment_status":"closed","ping_status":"open","sticky":false,"template":"","format":"standard","meta":[],"categories":[96,1,102],"tags":[],"_links":{"self":[{"href":"https:\/\/masquefa.cat\/noticies\/wp-json\/wp\/v2\/posts\/27231"}],"collection":[{"href":"https:\/\/masquefa.cat\/noticies\/wp-json\/wp\/v2\/posts"}],"about":[{"href":"https:\/\/masquefa.cat\/noticies\/wp-json\/wp\/v2\/types\/post"}],"author":[{"embeddable":true,"href":"https:\/\/masquefa.cat\/noticies\/wp-json\/wp\/v2\/users\/7"}],"replies":[{"embeddable":true,"href":"https:\/\/masquefa.cat\/noticies\/wp-json\/wp\/v2\/comments?post=27231"}],"version-history":[{"count":1,"href":"https:\/\/masquefa.cat\/noticies\/wp-json\/wp\/v2\/posts\/27231\/revisions"}],"predecessor-version":[{"id":27234,"href":"https:\/\/masquefa.cat\/noticies\/wp-json\/wp\/v2\/posts\/27231\/revisions\/27234"}],"wp:featuredmedia":[{"embeddable":true,"href":"https:\/\/masquefa.cat\/noticies\/wp-json\/wp\/v2\/media\/27232"}],"wp:attachment":[{"href":"https:\/\/masquefa.cat\/noticies\/wp-json\/wp\/v2\/media?parent=27231"}],"wp:term":[{"taxonomy":"category","embeddable":true,"href":"https:\/\/masquefa.cat\/noticies\/wp-json\/wp\/v2\/categories?post=27231"},{"taxonomy":"post_tag","embeddable":true,"href":"https:\/\/masquefa.cat\/noticies\/wp-json\/wp\/v2\/tags?post=27231"}],"curies":[{"name":"wp","href":"https:\/\/api.w.org\/{rel}","templated":true}]}}