{"id":27382,"date":"2022-06-22T09:00:20","date_gmt":"2022-06-22T07:00:20","guid":{"rendered":"http:\/\/masquefa.cat\/noticies\/?p=27382"},"modified":"2022-06-22T09:26:59","modified_gmt":"2022-06-22T07:26:59","slug":"recomanacions-i-normativa-per-a-la-revetlla-de-sant-joan-daquest-2022","status":"publish","type":"post","link":"https:\/\/masquefa.cat\/noticies\/recomanacions-i-normativa-per-a-la-revetlla-de-sant-joan-daquest-2022\/","title":{"rendered":"Recomanacions i normativa per a la revetlla de Sant Joan d\u2019aquest 2022"},"content":{"rendered":"<p><strong>L\u2019Ajuntament fa una crida als ve\u00efns a complir amb la normativa vigent per a gaudir d\u2019una festa segura.<\/strong><\/p>\n<p>Amb l\u2019objectiu de garantir una revetlla de Sant Joan segura i vetllar per la seguretat de les persones i dels b\u00e9ns p\u00fablics i privats, l\u2019Ajuntament de Masquefa recorda que \u00e9s d\u2019obligat compliment la seg\u00fcent normativa:<\/p>\n<ul>\n<li>Queda prohibit llen\u00e7ar coets a les zones properes al bosc.<\/li>\n<li>Es poden encendre fogueres sempre que es compleixin les seg\u00fcents mesures de seguretat:\n<ul>\n<li>No s&#8217;ha de situar la foguera a prop d&#8217;arbres ni a menys de 15 m de la fa\u00e7ana de cap edificaci\u00f3 ni de cotxes, i mai sota l\u00ednies el\u00e8ctriques, telef\u00f2niques, etc.<\/li>\n<li>Est\u00e0 prohibit fer foc en terrenys forestals i al voltant d&#8217;una franja de 500 m. S&#8217;ent\u00e9n per terrenys forestals:\n<ul>\n<li>Els s\u00f2ls r\u00fastics poblats d&#8217;esp\u00e8cies arb\u00f2ries o arbustives, de matolls i d&#8217;herbes.<\/li>\n<li>Els erms situats en els l\u00edmits dels boscos, que siguin necessaris per a la protecci\u00f3 d&#8217;aquests.<\/li>\n<li>Els erms que, per llurs caracter\u00edstiques, siguin adequats per a l&#8217;aforestaci\u00f3 o la reforestaci\u00f3.<\/li>\n<\/ul>\n<\/li>\n<li>Si la foguera es fa en un solar, abans cal deixar-lo net de bardisses o de materials inflamables.<\/li>\n<li>Si la foguera es fa al carrer, per no fer malb\u00e9 el paviment, cal posar-hi terra o sorra (un m\u00ednim de 10 cm de gruix) i s&#8217;ha de deixar un pas per als vehicles d&#8217;urg\u00e8ncia. A m\u00e9s, cal demanar llic\u00e8ncia d&#8217;ocupaci\u00f3 de la via p\u00fablica.<\/li>\n<li>No es pot fer la foguera a prop d&#8217;un env\u00e0s pluvial, ja que la dilataci\u00f3 provocada per el calor podria enderrocar-lo.<\/li>\n<li>En el lloc de la foguera cal que hi hagi una persona responsable major d&#8217;edat, perqu\u00e8 es compleixin totes les normes de seguretat.<\/li>\n<li>Cal mantenir un zona de seguretat de 5 metres de radi al voltant de les fogueres neta de vegetaci\u00f3 i altres materials.<\/li>\n<li>El material que s&#8217;ha de cremar a les fogueres ha de deixar brasa i ha de ser de fusta. Mai s&#8217;han de cremar papers ni teixits, ja que el vent els podria enlairar. No es poden llen\u00e7ar bidons, llaunes ni esprais a la foguera, perqu\u00e8 poden explotar, ni pneum\u00e0tics, matalassos ni pl\u00e0stics, a causa dels seus efectes contaminants.<\/li>\n<li>Queda prohibit per part de les empreses l&#8217;aportaci\u00f3 de fusta a les fogueres.<\/li>\n<li>S&#8217;ha de procurar fer la foguera petita i, si sobren materials, anar-los-hi afegint a poc a poc.<\/li>\n<li>S&#8217;ha d&#8217;encendre la foguera per diferents focus, amb paper, palla, etc. No es pot fer servir mai benzina ni qualsevol l\u00edquid inflamable, ja que la deflagraci\u00f3 que provoquen podria encendre els vestits de la gent.<\/li>\n<li>Les fogueres nom\u00e9s es poden encendre a partir de les 10 de la nit dels dies 23 i 28 de juny i poden romandre enceses fins a les 2 hores de la matinada.<\/li>\n<li>Cal tenir disponible en tot moment algun mitj\u00e0 per apagar la foguera (galledes d&#8217;aigua, m\u00e0negues, extintor, etc.).<\/li>\n<li>Cal apagar les brases amb aigua un cop acabada l\u2019activitat i vigilar la foguera fins que quedi del tot extingida, ruixant el caliu perqu\u00e8 no hi hagi cap risc d&#8217;accidents.<\/li>\n<li>Els edificis ve\u00efns han de tenir les finestres i els balcons tancats, no fos cas que les guspires o algun coet perdut entressin en algun habitatge i provoquessin un incendi.<\/li>\n<li>Cal plegar els tendals que hi hagi a les terrasses.<\/li>\n<li>Est\u00e0 prohibit saltar damunt les brases.<\/li>\n<\/ul>\n<\/li>\n<li>La persona o l&#8217;entitat organitzadora ha de presentar al Registre General de l&#8217;Ajuntament una sol\u00b7licitud en la qual comuniqui l&#8217;encesa de la foguera i el lloc on estigui situada, aix\u00ed com el compliment de les anteriors mesures de seguretat. En el cas que la foguera s&#8217;hagi d&#8217;encendre a la via o en un espai p\u00fablic cal demanar, en la mateixa sol\u00b7licitud, la llic\u00e8ncia d&#8217;ocupaci\u00f3 de la via o de l&#8217;espai p\u00fablic.<\/li>\n<li>L&#8217;Ajuntament pot acordar que no s&#8217;encenguin fogueres per motius clim\u00e0tics o per no complir-se les esmentades mesures de seguretat. En aquest \u00faltim cas, l&#8217;Ajuntament pot apagar i retirar els materials o b\u00e9 ordenar a l&#8217;organitzador que ho faci.<\/li>\n<li>Per a qualsevol eventualitat, cal posar-se en contacte amb la Policia Local (al n\u00famero de tel\u00e8fon 93 772 60 25) o amb els Bombers (al n\u00famero 112).<\/li>\n<li>El no compliment de les previsions d&#8217;aquest Ban ser\u00e0 sancionat de conformitat amb el que disposa la normativa vigent.<\/li>\n<\/ul>\n<p>Finalment, des de l\u2019Ajuntament es recomana a tota la poblaci\u00f3 seguir els <strong>consells d\u2019autoprotecci\u00f3 i prevenci\u00f3<\/strong> que trobareu en aquest <a href=\"http:\/\/interior.gencat.cat\/ca\/arees_dactuacio\/proteccio_civil\/consells_autoproteccio_emergencia\/mes_consells_dautoproteccio\/revetlles\/\" target=\"_blank\" rel=\"noopener noreferrer\"><strong><u>enlla\u00e7<\/u><\/strong> <\/a>per tal de gaudir d\u2019una revetlla de Sant Joan segura.<\/p>\n","protected":false},"excerpt":{"rendered":"<p>L\u2019Ajuntament fa una crida als ve\u00efns a complir amb la normativa vigent per a gaudir d\u2019una festa segura. Amb l\u2019objectiu de garantir una revetlla de Sant Joan segura i vetllar per la seguretat de les persones i dels b\u00e9ns p\u00fablics i privats, l\u2019Ajuntament de Masquefa recorda que \u00e9s d\u2019obligat compliment la seg\u00fcent normativa: Queda prohibit&hellip;<\/p>\n","protected":false},"author":7,"featured_media":27383,"comment_status":"closed","ping_status":"open","sticky":false,"template":"","format":"standard","meta":[],"categories":[96,1,69],"tags":[],"_links":{"self":[{"href":"https:\/\/masquefa.cat\/noticies\/wp-json\/wp\/v2\/posts\/27382"}],"collection":[{"href":"https:\/\/masquefa.cat\/noticies\/wp-json\/wp\/v2\/posts"}],"about":[{"href":"https:\/\/masquefa.cat\/noticies\/wp-json\/wp\/v2\/types\/post"}],"author":[{"embeddable":true,"href":"https:\/\/masquefa.cat\/noticies\/wp-json\/wp\/v2\/users\/7"}],"replies":[{"embeddable":true,"href":"https:\/\/masquefa.cat\/noticies\/wp-json\/wp\/v2\/comments?post=27382"}],"version-history":[{"count":2,"href":"https:\/\/masquefa.cat\/noticies\/wp-json\/wp\/v2\/posts\/27382\/revisions"}],"predecessor-version":[{"id":27420,"href":"https:\/\/masquefa.cat\/noticies\/wp-json\/wp\/v2\/posts\/27382\/revisions\/27420"}],"wp:featuredmedia":[{"embeddable":true,"href":"https:\/\/masquefa.cat\/noticies\/wp-json\/wp\/v2\/media\/27383"}],"wp:attachment":[{"href":"https:\/\/masquefa.cat\/noticies\/wp-json\/wp\/v2\/media?parent=27382"}],"wp:term":[{"taxonomy":"category","embeddable":true,"href":"https:\/\/masquefa.cat\/noticies\/wp-json\/wp\/v2\/categories?post=27382"},{"taxonomy":"post_tag","embeddable":true,"href":"https:\/\/masquefa.cat\/noticies\/wp-json\/wp\/v2\/tags?post=27382"}],"curies":[{"name":"wp","href":"https:\/\/api.w.org\/{rel}","templated":true}]}}