{"id":27614,"date":"2022-09-06T08:01:49","date_gmt":"2022-09-06T06:01:49","guid":{"rendered":"http:\/\/masquefa.cat\/noticies\/?p=27614"},"modified":"2022-09-06T08:01:49","modified_gmt":"2022-09-06T06:01:49","slug":"la-policia-local-controlara-possibles-conductes-de-risc-dels-vehicles-de-mobilitat-personal-mvp","status":"publish","type":"post","link":"https:\/\/masquefa.cat\/noticies\/la-policia-local-controlara-possibles-conductes-de-risc-dels-vehicles-de-mobilitat-personal-mvp\/","title":{"rendered":"La Policia Local controlar\u00e0 possibles conductes de risc dels vehicles de mobilitat personal (MVP)"},"content":{"rendered":"<p><strong>La campanya de control estar\u00e0 activa del 5 a l\u201911 de setembre.<\/strong><\/p>\n<p>Aquest mes de setembre la Policia Local de Masquefa dur\u00e0 a terme una<strong> campanya de control de les conductes de risc dels<\/strong>\u00a0<strong>vehicles de mobilitat personal (VMP)<\/strong>\u00a0que atemptin contra la seguretat dels altres usuaris.\u00a0Aquesta campanya comen\u00e7ar\u00e0 el dilluns dia 5 i durar\u00e0 fins el proper diumenge 11 de setembre.<\/p>\n<p>La proliferaci\u00f3 de vehicles de mobilitat personal (VMP) en zona urbana ha irromput com un nou factor de risc en la mobilitat. Noves formes de despla\u00e7ar-se com els patinets, els patinets el\u00e8ctrics, les plataformes d\u2019una roda, de dues rodes, els segways&#8230; han aparegut als pobles i ciutats de Catalunya per quedar-s\u2019hi.<\/p>\n<p>Segons la normativa en vigor, el VMP \u00e9s un vehicle d\u2019una o m\u00e9s rodes dotat d\u2019una \u00fanica pla\u00e7a i propulsat exclusivament per motors el\u00e8ctrics que poden proporcionar una velocitat m\u00e0xima per disseny d\u2019entre 6 i 25 km\/h. Nom\u00e9s poden tenir un seient si estan dotats de sistema d\u2019auto-equilibrat.<\/p>\n<p>En concret, de cara als comportaments de circulaci\u00f3 dels conductors dels VMP objecte de den\u00fancia, cal considerar els que estan establerts al Reglament General de Circulaci\u00f3 (RGC), sens perjudici del que estableixin les Ordenances Municipals:<\/p>\n<ul>\n<li><strong>Circular per voreres i zones de vianants<\/strong>: d\u2019acord amb l\u2019article 121 del RGC est\u00e0 prohibida la circulaci\u00f3 de tot tipus de vehicles per voreres i zones de vianants. La sanci\u00f3 que correspon \u00e9s de 200\u20ac.<\/li>\n<li><strong>Alcohol i drogues<\/strong>: els conductors dels VMP estan obligats a sotmetre\u2019s a les proves de detecci\u00f3 d\u2019alcohol i drogues. Si donen un resultat positiu es trametr\u00e0 la corresponent den\u00fancia. En el cas d\u2019alcohol, no podran sobrepassar la taxa de 0,25 mil\u00b7ligrams d\u2019alcohol per litre d\u2019aire expirat i es podr\u00e0 procedir a la immobilitzaci\u00f3 i dip\u00f2sit del vehicle.<\/li>\n<li><strong>Tel\u00e8fon m\u00f2bil<\/strong>: es podr\u00e0 denunciar la utilitzaci\u00f3 de dispositius de telefonia m\u00f2bil durant la conducci\u00f3 d\u2019un VMP, d\u2019acord amb el que estableix l\u2019article 18.2 del RGC, amb la imposici\u00f3 d\u2019una sanci\u00f3 de 200\u20ac.<\/li>\n<li><strong>Circular dues persones en un VMP<\/strong>: es podr\u00e0 denunciar la circulaci\u00f3 amb aquests vehicles d\u2019un nombre de persones transportades superior al de les places del vehicle, d\u2019acord amb l\u2019article 9.1 del RGC. Per tant, en el cas que circulin dues o m\u00e9s persones en un VMP es podr\u00e0 formular la corresponent den\u00fancia que comporta una sanci\u00f3 de 100\u20ac.<\/li>\n<li><strong>Auriculars<\/strong>: no es podr\u00e0 utilitzar auriculars connectats a receptors o reproductors de so mentre es circula amb un VMP, tal com estableix l\u2019article 18.2 del RGC. La sanci\u00f3 per aquesta infracci\u00f3 \u00e9s de 200\u20ac.<\/li>\n<li><strong>Parades i estacionaments<\/strong>: als VMP els ser\u00e0 d\u2019aplicaci\u00f3 el r\u00e8gim d\u2019infraccions sobre parades i estacionaments de l\u2019article 90 i seg\u00fcents del RGC.<\/li>\n<li><strong>Casc obligatori<\/strong>: els conductors de VMP hauran de portar casc de forma obligat\u00f2ria.\u00a0La multa per no fer \u00fas del casc mentre es condueix ser\u00e0 de\u00a0200 euros\u00a0i s\u2019immobilitzar\u00e0 el vehicle.<\/li>\n<\/ul>\n<p>&nbsp;<\/p>\n<p>&nbsp;<\/p>\n<p>&nbsp;<\/p>\n","protected":false},"excerpt":{"rendered":"<p>La campanya de control estar\u00e0 activa del 5 a l\u201911 de setembre. Aquest mes de setembre la Policia Local de Masquefa dur\u00e0 a terme una campanya de control de les conductes de risc dels\u00a0vehicles de mobilitat personal (VMP)\u00a0que atemptin contra la seguretat dels altres usuaris.\u00a0Aquesta campanya comen\u00e7ar\u00e0 el dilluns dia 5 i durar\u00e0 fins el&hellip;<\/p>\n","protected":false},"author":7,"featured_media":27615,"comment_status":"closed","ping_status":"open","sticky":false,"template":"","format":"standard","meta":[],"categories":[96,1,69],"tags":[],"_links":{"self":[{"href":"https:\/\/masquefa.cat\/noticies\/wp-json\/wp\/v2\/posts\/27614"}],"collection":[{"href":"https:\/\/masquefa.cat\/noticies\/wp-json\/wp\/v2\/posts"}],"about":[{"href":"https:\/\/masquefa.cat\/noticies\/wp-json\/wp\/v2\/types\/post"}],"author":[{"embeddable":true,"href":"https:\/\/masquefa.cat\/noticies\/wp-json\/wp\/v2\/users\/7"}],"replies":[{"embeddable":true,"href":"https:\/\/masquefa.cat\/noticies\/wp-json\/wp\/v2\/comments?post=27614"}],"version-history":[{"count":1,"href":"https:\/\/masquefa.cat\/noticies\/wp-json\/wp\/v2\/posts\/27614\/revisions"}],"predecessor-version":[{"id":27616,"href":"https:\/\/masquefa.cat\/noticies\/wp-json\/wp\/v2\/posts\/27614\/revisions\/27616"}],"wp:featuredmedia":[{"embeddable":true,"href":"https:\/\/masquefa.cat\/noticies\/wp-json\/wp\/v2\/media\/27615"}],"wp:attachment":[{"href":"https:\/\/masquefa.cat\/noticies\/wp-json\/wp\/v2\/media?parent=27614"}],"wp:term":[{"taxonomy":"category","embeddable":true,"href":"https:\/\/masquefa.cat\/noticies\/wp-json\/wp\/v2\/categories?post=27614"},{"taxonomy":"post_tag","embeddable":true,"href":"https:\/\/masquefa.cat\/noticies\/wp-json\/wp\/v2\/tags?post=27614"}],"curies":[{"name":"wp","href":"https:\/\/api.w.org\/{rel}","templated":true}]}}