{"id":27621,"date":"2022-09-09T08:00:08","date_gmt":"2022-09-09T06:00:08","guid":{"rendered":"http:\/\/masquefa.cat\/noticies\/?p=27621"},"modified":"2022-09-08T07:58:15","modified_gmt":"2022-09-08T05:58:15","slug":"activitats-per-a-persones-grans-curs-2022-2023","status":"publish","type":"post","link":"https:\/\/masquefa.cat\/noticies\/activitats-per-a-persones-grans-curs-2022-2023\/","title":{"rendered":"Activitats per a persones grans: curs 2022-2023"},"content":{"rendered":"<p><strong>Les propostes que s\u2019ofereixen s\u00f3n gim dol\u00e7a i balls en l\u00ednia, a partir del pr\u00f2xim mes d\u2019octubre.<\/strong><\/p>\n<p>L\u2019Ajuntament de Masquefa ha programat, un curs m\u00e9s, activitats per fomentar l\u2019envelliment actiu i el benestar de les persones grans del municipi. A partir de l\u2019octubre i fins l\u2019estiu que ve els masquefins\u00a0majors de 60 anys poden inscriure\u2019s a les dues activitats previstes, que es duran a terme trimestralment a la Sala Polivalent de La F\u00e0brica Rogelio Rojo:<\/p>\n<ul>\n<li><strong>Gim dol\u00e7a<\/strong>: del 4 d\u2019octubre al 6 de juliol, els dimarts i dijous de 17 a 18 h.<\/li>\n<li><strong>Balls en l\u00ednia<\/strong>: del 5 d\u2019octubre al 6 de juliol, els dimecres de 16 a\u00a017.30 h\u00a0o els dijous de 10.30 a 12 h.<\/li>\n<\/ul>\n<p>Les inscripcions es podran fer <strong>del 12 al 27 de setembre<\/strong> per via telem\u00e0tica, a trav\u00e9s d\u2019aquest <strong><a href=\"https:\/\/masquefa.cat\/tramits\/\" target=\"_blank\" rel=\"noopener noreferrer\">enlla\u00e7<\/a><\/strong>; o de forma <strong>presencial<\/strong> demanant cita pr\u00e8via al 93 772 50 30 a l\u2019Oficina d\u2019Atenci\u00f3 al Vilat\u00e0 (OAV) o a trav\u00e9s d\u2019aquest <a href=\"https:\/\/masquefa.cat\/demanar-cita\/\" target=\"_blank\" rel=\"noopener noreferrer\">enlla\u00e7<\/a>.<\/p>\n<p>El preu de les activitats \u00e9s de 15,50\u20ac cada trimestre pel ve\u00efnat, i de 19,40\u20ac per les persones que no estiguin empadronades.<\/p>\n","protected":false},"excerpt":{"rendered":"<p>Les propostes que s\u2019ofereixen s\u00f3n gim dol\u00e7a i balls en l\u00ednia, a partir del pr\u00f2xim mes d\u2019octubre. L\u2019Ajuntament de Masquefa ha programat, un curs m\u00e9s, activitats per fomentar l\u2019envelliment actiu i el benestar de les persones grans del municipi. A partir de l\u2019octubre i fins l\u2019estiu que ve els masquefins\u00a0majors de 60 anys poden inscriure\u2019s&hellip;<\/p>\n","protected":false},"author":7,"featured_media":27622,"comment_status":"closed","ping_status":"open","sticky":false,"template":"","format":"standard","meta":[],"categories":[96,1,64],"tags":[],"_links":{"self":[{"href":"https:\/\/masquefa.cat\/noticies\/wp-json\/wp\/v2\/posts\/27621"}],"collection":[{"href":"https:\/\/masquefa.cat\/noticies\/wp-json\/wp\/v2\/posts"}],"about":[{"href":"https:\/\/masquefa.cat\/noticies\/wp-json\/wp\/v2\/types\/post"}],"author":[{"embeddable":true,"href":"https:\/\/masquefa.cat\/noticies\/wp-json\/wp\/v2\/users\/7"}],"replies":[{"embeddable":true,"href":"https:\/\/masquefa.cat\/noticies\/wp-json\/wp\/v2\/comments?post=27621"}],"version-history":[{"count":1,"href":"https:\/\/masquefa.cat\/noticies\/wp-json\/wp\/v2\/posts\/27621\/revisions"}],"predecessor-version":[{"id":27623,"href":"https:\/\/masquefa.cat\/noticies\/wp-json\/wp\/v2\/posts\/27621\/revisions\/27623"}],"wp:featuredmedia":[{"embeddable":true,"href":"https:\/\/masquefa.cat\/noticies\/wp-json\/wp\/v2\/media\/27622"}],"wp:attachment":[{"href":"https:\/\/masquefa.cat\/noticies\/wp-json\/wp\/v2\/media?parent=27621"}],"wp:term":[{"taxonomy":"category","embeddable":true,"href":"https:\/\/masquefa.cat\/noticies\/wp-json\/wp\/v2\/categories?post=27621"},{"taxonomy":"post_tag","embeddable":true,"href":"https:\/\/masquefa.cat\/noticies\/wp-json\/wp\/v2\/tags?post=27621"}],"curies":[{"name":"wp","href":"https:\/\/api.w.org\/{rel}","templated":true}]}}