{"id":27922,"date":"2022-12-01T18:30:09","date_gmt":"2022-12-01T17:30:09","guid":{"rendered":"http:\/\/masquefa.cat\/noticies\/?p=27922"},"modified":"2022-12-02T10:10:07","modified_gmt":"2022-12-02T09:10:07","slug":"aquest-10-de-desembre-veniu-a-gaudir-a-masquefa-de-diferents-activitats-de-nadal","status":"publish","type":"post","link":"https:\/\/masquefa.cat\/noticies\/aquest-10-de-desembre-veniu-a-gaudir-a-masquefa-de-diferents-activitats-de-nadal\/","title":{"rendered":"Aquest 10 de desembre veniu a gaudir a Masquefa de diferents activitats de Nadal"},"content":{"rendered":"<p><strong>Amb motiu de la realitzaci\u00f3 d\u2019aquests actes quedar\u00e0 restringida la circulaci\u00f3 de vehicles als carrers Crehueta, Sant Pere i Major.<\/strong><\/p>\n<p>L\u2019Ajuntament de Masquefa organitzar\u00e0 el pr\u00f2xim dissabte <strong>10 de desembre<\/strong> diferents propostes de Nadal obertes a tota la poblaci\u00f3.<\/p>\n<p>La primera d\u2019elles ser\u00e0 la <strong>\u201cBola de neu gegant de Nadal\u201d<\/strong>, a c\u00e0rrec de Plus Arts. L\u2019activitat es far\u00e0 d\u201911.30 a 14.30 h i de 16 a 19 h al carrer Major, cantonada amb carrer Montserrat.<\/p>\n<p>Els m\u00e9s menuts, a m\u00e9s, tamb\u00e9 podran prendre part d\u2019un <strong>taller de maquillatge art\u00edstic amb tem\u00e0tica de Nadal<\/strong>. Ser\u00e0 al carrer Major, davant de l\u2019esgl\u00e9sia parroquial, d\u201911.30 a 13.30 h i de 16.30 a 18.30 h; a c\u00e0rrec de Makeup Artistry Magaly.<\/p>\n<p>I, finalment, a les 12 h tindr\u00e0 lloc l\u2019<strong>actuaci\u00f3 infantil \u201cGresca nadalenca\u201d <\/strong>de la m\u00e0 de la companyia Can Cantem. En podrem gaudir al carrer Crehueta n\u00famero 10, al costat de R\u00e0dio Masquefa.<\/p>\n","protected":false},"excerpt":{"rendered":"<p>Amb motiu de la realitzaci\u00f3 d\u2019aquests actes quedar\u00e0 restringida la circulaci\u00f3 de vehicles als carrers Crehueta, Sant Pere i Major. L\u2019Ajuntament de Masquefa organitzar\u00e0 el pr\u00f2xim dissabte 10 de desembre diferents propostes de Nadal obertes a tota la poblaci\u00f3. La primera d\u2019elles ser\u00e0 la \u201cBola de neu gegant de Nadal\u201d, a c\u00e0rrec de Plus Arts.&hellip;<\/p>\n","protected":false},"author":7,"featured_media":27923,"comment_status":"closed","ping_status":"open","sticky":false,"template":"","format":"standard","meta":[],"categories":[96,61,108,1],"tags":[],"_links":{"self":[{"href":"https:\/\/masquefa.cat\/noticies\/wp-json\/wp\/v2\/posts\/27922"}],"collection":[{"href":"https:\/\/masquefa.cat\/noticies\/wp-json\/wp\/v2\/posts"}],"about":[{"href":"https:\/\/masquefa.cat\/noticies\/wp-json\/wp\/v2\/types\/post"}],"author":[{"embeddable":true,"href":"https:\/\/masquefa.cat\/noticies\/wp-json\/wp\/v2\/users\/7"}],"replies":[{"embeddable":true,"href":"https:\/\/masquefa.cat\/noticies\/wp-json\/wp\/v2\/comments?post=27922"}],"version-history":[{"count":4,"href":"https:\/\/masquefa.cat\/noticies\/wp-json\/wp\/v2\/posts\/27922\/revisions"}],"predecessor-version":[{"id":27931,"href":"https:\/\/masquefa.cat\/noticies\/wp-json\/wp\/v2\/posts\/27922\/revisions\/27931"}],"wp:featuredmedia":[{"embeddable":true,"href":"https:\/\/masquefa.cat\/noticies\/wp-json\/wp\/v2\/media\/27923"}],"wp:attachment":[{"href":"https:\/\/masquefa.cat\/noticies\/wp-json\/wp\/v2\/media?parent=27922"}],"wp:term":[{"taxonomy":"category","embeddable":true,"href":"https:\/\/masquefa.cat\/noticies\/wp-json\/wp\/v2\/categories?post=27922"},{"taxonomy":"post_tag","embeddable":true,"href":"https:\/\/masquefa.cat\/noticies\/wp-json\/wp\/v2\/tags?post=27922"}],"curies":[{"name":"wp","href":"https:\/\/api.w.org\/{rel}","templated":true}]}}