{"id":28049,"date":"2023-01-03T13:15:24","date_gmt":"2023-01-03T12:15:24","guid":{"rendered":"https:\/\/masquefa.cat\/noticies\/?p=28049"},"modified":"2023-01-03T13:15:24","modified_gmt":"2023-01-03T12:15:24","slug":"el-servei-de-loav-tornara-a-prestar-se-a-ledifici-de-lajuntament-a-partir-del-5-de-gener","status":"publish","type":"post","link":"https:\/\/masquefa.cat\/noticies\/el-servei-de-loav-tornara-a-prestar-se-a-ledifici-de-lajuntament-a-partir-del-5-de-gener\/","title":{"rendered":"El servei de l\u2019OAV tornar\u00e0 a prestar-se a l\u2019edifici de l\u2019Ajuntament a partir del 5 de gener"},"content":{"rendered":"<p style=\"text-align: justify;line-height: 150%;margin: 0cm 0cm 8.0pt 0cm\"><strong>Dimecres 4 de gener l\u2019Oficina d\u2019Atenci\u00f3 al Vilat\u00e0 restar\u00e0 tancada i no s\u2019oferir\u00e0 atenci\u00f3 presencial.<\/strong><\/p>\n<p style=\"text-align: justify;line-height: 150%;margin: 0cm 0cm 8.0pt 0cm\">L\u2019Ajuntament de Masquefa informa a tots els ve\u00efns que a partir del dijous <strong>5 de gener<\/strong> el servei de l\u2019<strong>Oficina d\u2019Atenci\u00f3 al Vilat\u00e0<\/strong> (OAV) tornar\u00e0 a prestar-se presencialment a l\u2019edifici de l\u2019Ajuntament, al carrer Major n\u00famero 93.<\/p>\n<p style=\"text-align: justify;line-height: 150%;margin: 0cm 0cm 8.0pt 0cm\">Per tot plegat, <strong>dimecres 4 de gener l\u2019OAV romandr\u00e0 tancada<\/strong> per tal de poder completar el trasllat des del Centre Tecnol\u00f2gic Comunitari (CTC) fins a l\u2019Ajuntament; des d\u2019on es reprendr\u00e0 el servei a partir del 5 de gener. Tots aquells ve\u00efns que s\u2019hagin d\u2019adre\u00e7ar a l\u2019OAV cal que sol\u00b7licitin cita pr\u00e8via trucant al tel\u00e8fon 93 772 50 30, ext. 1 (OAV).<\/p>\n<p style=\"text-align: justify;line-height: 150%;margin: 0cm 0cm 8.0pt 0cm\">En aquest sentit, cal recordar que des del passat mes de febrer de 2022 l\u2019OAV es va traslladar temporalment al CTC a causa de les obres d\u2019arranjament que s\u2019han executat a l\u2019edifici de l\u2019Ajuntament.<\/p>\n","protected":false},"excerpt":{"rendered":"<p>Dimecres 4 de gener l\u2019Oficina d\u2019Atenci\u00f3 al Vilat\u00e0 restar\u00e0 tancada i no s\u2019oferir\u00e0 atenci\u00f3 presencial. L\u2019Ajuntament de Masquefa informa a tots els ve\u00efns que a partir del dijous 5 de gener el servei de l\u2019Oficina d\u2019Atenci\u00f3 al Vilat\u00e0 (OAV) tornar\u00e0 a prestar-se presencialment a l\u2019edifici de l\u2019Ajuntament, al carrer Major n\u00famero 93. Per tot plegat,&hellip;<\/p>\n","protected":false},"author":7,"featured_media":28050,"comment_status":"closed","ping_status":"open","sticky":false,"template":"","format":"standard","meta":[],"categories":[96,93,1,54],"tags":[],"_links":{"self":[{"href":"https:\/\/masquefa.cat\/noticies\/wp-json\/wp\/v2\/posts\/28049"}],"collection":[{"href":"https:\/\/masquefa.cat\/noticies\/wp-json\/wp\/v2\/posts"}],"about":[{"href":"https:\/\/masquefa.cat\/noticies\/wp-json\/wp\/v2\/types\/post"}],"author":[{"embeddable":true,"href":"https:\/\/masquefa.cat\/noticies\/wp-json\/wp\/v2\/users\/7"}],"replies":[{"embeddable":true,"href":"https:\/\/masquefa.cat\/noticies\/wp-json\/wp\/v2\/comments?post=28049"}],"version-history":[{"count":1,"href":"https:\/\/masquefa.cat\/noticies\/wp-json\/wp\/v2\/posts\/28049\/revisions"}],"predecessor-version":[{"id":28051,"href":"https:\/\/masquefa.cat\/noticies\/wp-json\/wp\/v2\/posts\/28049\/revisions\/28051"}],"wp:featuredmedia":[{"embeddable":true,"href":"https:\/\/masquefa.cat\/noticies\/wp-json\/wp\/v2\/media\/28050"}],"wp:attachment":[{"href":"https:\/\/masquefa.cat\/noticies\/wp-json\/wp\/v2\/media?parent=28049"}],"wp:term":[{"taxonomy":"category","embeddable":true,"href":"https:\/\/masquefa.cat\/noticies\/wp-json\/wp\/v2\/categories?post=28049"},{"taxonomy":"post_tag","embeddable":true,"href":"https:\/\/masquefa.cat\/noticies\/wp-json\/wp\/v2\/tags?post=28049"}],"curies":[{"name":"wp","href":"https:\/\/api.w.org\/{rel}","templated":true}]}}