{"id":28215,"date":"2023-03-02T09:55:25","date_gmt":"2023-03-02T08:55:25","guid":{"rendered":"https:\/\/masquefa.cat\/noticies\/?p=28215"},"modified":"2023-03-03T10:18:16","modified_gmt":"2023-03-03T09:18:16","slug":"lajuntament-actuara-al-casc-antic-per-transformar-lo-en-un-entorn-mes-accessible-segur-i-sostenible","status":"publish","type":"post","link":"https:\/\/masquefa.cat\/noticies\/lajuntament-actuara-al-casc-antic-per-transformar-lo-en-un-entorn-mes-accessible-segur-i-sostenible\/","title":{"rendered":"L\u2019Ajuntament actuar\u00e0 al casc antic per transformar-lo en un entorn m\u00e9s accessible, segur i sostenible"},"content":{"rendered":"<p><strong>El projecte de reforma de l\u2019espai p\u00fablic afavorir\u00e0 la pacificaci\u00f3 de la via p\u00fablica, convertir\u00e0 el carrer Major en plataforma \u00fanica i s\u2019adequar\u00e0 l\u2019entorn d\u2019acc\u00e9s a l\u2019estaci\u00f3 de Ferrocarrils.\u00a0<\/strong><em><a href=\"https:\/\/www.youtube.com\/watch?v=gX1GX_DBSEA&amp;ab_channel=R%C3%A0dioMasquefa\" target=\"_blank\" rel=\"noopener\">Visualitza el v\u00eddeo explicatiu sobre el projecte.<\/a><\/em><\/p>\n<p>L\u2019Ajuntament ja ha comen\u00e7at a donar els primers passos per a desplegar un dels projectes m\u00e9s destacats de l\u2019actual mandat: la <strong>transformaci\u00f3 del casc antic de Masquefa<\/strong>. Un pla que preveu actuacions d\u2019arranjament a l\u2019espai p\u00fablic i que estan finan\u00e7ades per la Diputaci\u00f3 de Barcelona i Ferrocarrils de la Generalitat de Catalunya (FGC).<\/p>\n<p>L\u2019objectiu d\u2019aquests treballs \u00e9s afavorir la<strong> pacificaci\u00f3 i accessibilitat del casc antic<\/strong>, <strong>embellir-ne el seu entorn<\/strong>, garantir una millor mobilitat i un pas m\u00e9s segur dels vianants, i <strong>reduir el pas de vehicles per una de les zones m\u00e9s concorregudes de la vila.<\/strong><\/p>\n<p>Xavier Boquete, alcalde de Masquefa, destaca que <strong>\u201cla transformaci\u00f3 del casc antic no nom\u00e9s ens permetr\u00e0 millorar la qualitat de vida dels nostres ve\u00efns, sin\u00f3 potenciar i dinamitzar la vida social, cultural i comercial d\u2019una de les zones m\u00e9s ic\u00f2niques i hist\u00f2riques de la vila. El casc antic requeria d\u2019una reforma per dignificar i modernitzar els seus carrers, i amb aquesta transformaci\u00f3 ens permetr\u00e0 transitar-hi de forma m\u00e9s amable, segura i sostenible\u201d<\/strong>.<\/p>\n<p>El projecte va ser presentat p\u00fablicament aquest dimecres 1 de mar\u00e7 en un acte celebrat a la Sala Polivalent del CTC, i va comptar amb la pres\u00e8ncia de Toni Segarra, president de Ferrocarrils, Pere Mateu, director de projectes de FGC, Pere Pons, diputat President de l\u2019\u00c0rea d\u2019Infraestructures i Espais Naturals de la Diputaci\u00f3 de Barcelona, i Vicen\u00e7 Izquierdo, coordinador en mat\u00e8ria d\u2019Infraestructures de la DIBA.<\/p>\n<p><strong><u>El projecte: millor accessibilitat i un entorn m\u00e9s sostenible <\/u><\/strong><\/p>\n<p>El consistori preveu la <strong>reurbanitzaci\u00f3 de la travessera B-224z, corresponent al carrer Major<\/strong>, amb la transformaci\u00f3 d\u2019aquesta via en un carrer de plataforma \u00fanica des del carrer Rogelio Rojo fins a la pla\u00e7a de la Vila. Aquestes obres es duran a terme en dues fases: la primera, comprendr\u00e0 el tram de cru\u00eflla dels carrers Montserrat i Pau Bruna fins a la pla\u00e7a de la Vila; i la segona, entre aquesta mateixa cru\u00eflla fins al carrer Rogelio Rojo. Aquesta actuaci\u00f3, s\u2019executar\u00e0 per mitj\u00e0 d\u2019una <strong>licitaci\u00f3 que dur\u00e0 a terme la<\/strong> <strong>Diputaci\u00f3 de Barcelona<\/strong>, <strong>i<\/strong> <strong>tindr\u00e0 un cost de gaireb\u00e9 dos milions d\u2019euros.<\/strong><\/p>\n<p>Al mateix temps, el projecte tamb\u00e9 consistir\u00e0 en l\u2019<strong>adequaci\u00f3 del pas a nivell ubicat al costat de l\u2019estaci\u00f3 per a l\u2019\u00fas exclusiu de vianants i el condicionament dels carrers que conflueixen per accedir-hi<\/strong>. En concret, es reurbanitzar\u00e0 el carrer Montserrat, es crear\u00e0 un recorregut naturalitzat per a vianants pels carrers paral\u00b7lels a la l\u00ednia de Ferrocarrils, dins el nucli urb\u00e0, i es reurbanitzaran els carrers Pujades i Escoles i el passeig de la Via amb l\u2019objectiu de guanyar espai per als vianants i les bicicletes. Finalment, tamb\u00e9 es crear\u00e0 una nova pla\u00e7a que inclour\u00e0 un espai d\u2019esbarjo i una zona verda. Els treballs contemplen la instal\u00b7laci\u00f3 de senyalitzaci\u00f3 ac\u00fastica i lluminosa, i d\u2019elements d\u2019\u00faltima generaci\u00f3 en seguretat ferrovi\u00e0ria com ara senyalitzaci\u00f3 horitzontal LED encastada al paviment i d\u2019activaci\u00f3 autom\u00e0tica amb el pas dels trens. Aquesta actuaci\u00f3 es dur\u00e0 a terme per mitj\u00e0 d\u2019una <strong>licitaci\u00f3 que<\/strong> <strong>Ferrocarrils de la Generalitat<\/strong> <strong>ja ha obert, i el cost dels treballs ser\u00e0 de gaireb\u00e9 dos milions i mig d\u2019euros.<\/strong><\/p>\n<p>&nbsp;<\/p>\n<p><a class=\"dt-single-image\" href=\"https:\/\/ajmasquefa-multimedia-wp.s3.eu-central-1.amazonaws.com\/wp-content\/uploads\/sites\/22\/2023\/02\/28125331\/VISTA-V3_DEF.jpg\" data-dt-img-description=\"\"><img decoding=\"async\" loading=\"lazy\" class=\" wp-image-28253 aligncenter\" src=\"https:\/\/ajmasquefa-multimedia-wp.s3.eu-central-1.amazonaws.com\/wp-content\/uploads\/sites\/22\/2023\/02\/28125331\/VISTA-V3_DEF.jpg\" alt=\"\" width=\"701\" height=\"526\" srcset=\"https:\/\/ajmasquefa-multimedia-wp.s3.eu-central-1.amazonaws.com\/wp-content\/uploads\/sites\/22\/2023\/02\/28125331\/VISTA-V3_DEF.jpg 2048w, https:\/\/ajmasquefa-multimedia-wp.s3.eu-central-1.amazonaws.com\/wp-content\/uploads\/sites\/22\/2023\/02\/28125331\/VISTA-V3_DEF-300x225.jpg 300w, https:\/\/ajmasquefa-multimedia-wp.s3.eu-central-1.amazonaws.com\/wp-content\/uploads\/sites\/22\/2023\/02\/28125331\/VISTA-V3_DEF-1024x768.jpg 1024w, https:\/\/ajmasquefa-multimedia-wp.s3.eu-central-1.amazonaws.com\/wp-content\/uploads\/sites\/22\/2023\/02\/28125331\/VISTA-V3_DEF-768x576.jpg 768w, https:\/\/ajmasquefa-multimedia-wp.s3.eu-central-1.amazonaws.com\/wp-content\/uploads\/sites\/22\/2023\/02\/28125331\/VISTA-V3_DEF-1536x1152.jpg 1536w, https:\/\/ajmasquefa-multimedia-wp.s3.eu-central-1.amazonaws.com\/wp-content\/uploads\/sites\/22\/2023\/02\/28125331\/VISTA-V3_DEF-1320x990.jpg 1320w\" sizes=\"(max-width: 701px) 100vw, 701px\" \/><\/a><\/p>\n<p>&nbsp;<\/p>\n<p><a class=\"dt-single-image\" href=\"https:\/\/ajmasquefa-multimedia-wp.s3.eu-central-1.amazonaws.com\/wp-content\/uploads\/sites\/22\/2023\/02\/28125355\/02_estat-final_MASQUEFA_6055PC01-scaled.jpg\" data-dt-img-description=\"\"><img decoding=\"async\" loading=\"lazy\" class=\" wp-image-28254 aligncenter\" src=\"https:\/\/ajmasquefa-multimedia-wp.s3.eu-central-1.amazonaws.com\/wp-content\/uploads\/sites\/22\/2023\/02\/28125355\/02_estat-final_MASQUEFA_6055PC01-scaled.jpg\" alt=\"\" width=\"701\" height=\"467\" srcset=\"https:\/\/ajmasquefa-multimedia-wp.s3.eu-central-1.amazonaws.com\/wp-content\/uploads\/sites\/22\/2023\/02\/28125355\/02_estat-final_MASQUEFA_6055PC01-scaled.jpg 2560w, https:\/\/ajmasquefa-multimedia-wp.s3.eu-central-1.amazonaws.com\/wp-content\/uploads\/sites\/22\/2023\/02\/28125355\/02_estat-final_MASQUEFA_6055PC01-300x200.jpg 300w, https:\/\/ajmasquefa-multimedia-wp.s3.eu-central-1.amazonaws.com\/wp-content\/uploads\/sites\/22\/2023\/02\/28125355\/02_estat-final_MASQUEFA_6055PC01-1024x683.jpg 1024w, https:\/\/ajmasquefa-multimedia-wp.s3.eu-central-1.amazonaws.com\/wp-content\/uploads\/sites\/22\/2023\/02\/28125355\/02_estat-final_MASQUEFA_6055PC01-768x512.jpg 768w, https:\/\/ajmasquefa-multimedia-wp.s3.eu-central-1.amazonaws.com\/wp-content\/uploads\/sites\/22\/2023\/02\/28125355\/02_estat-final_MASQUEFA_6055PC01-1536x1024.jpg 1536w, https:\/\/ajmasquefa-multimedia-wp.s3.eu-central-1.amazonaws.com\/wp-content\/uploads\/sites\/22\/2023\/02\/28125355\/02_estat-final_MASQUEFA_6055PC01-2048x1365.jpg 2048w, https:\/\/ajmasquefa-multimedia-wp.s3.eu-central-1.amazonaws.com\/wp-content\/uploads\/sites\/22\/2023\/02\/28125355\/02_estat-final_MASQUEFA_6055PC01-1320x880.jpg 1320w\" sizes=\"(max-width: 701px) 100vw, 701px\" \/><\/a><\/p>\n","protected":false},"excerpt":{"rendered":"<p>El projecte de reforma de l\u2019espai p\u00fablic afavorir\u00e0 la pacificaci\u00f3 de la via p\u00fablica, convertir\u00e0 el carrer Major en plataforma \u00fanica i s\u2019adequar\u00e0 l\u2019entorn d\u2019acc\u00e9s a l\u2019estaci\u00f3 de Ferrocarrils.\u00a0Visualitza el v\u00eddeo explicatiu sobre el projecte. L\u2019Ajuntament ja ha comen\u00e7at a donar els primers passos per a desplegar un dels projectes m\u00e9s destacats de l\u2019actual mandat:&hellip;<\/p>\n","protected":false},"author":7,"featured_media":28253,"comment_status":"closed","ping_status":"open","sticky":false,"template":"","format":"standard","meta":[],"categories":[96,1,73],"tags":[],"_links":{"self":[{"href":"https:\/\/masquefa.cat\/noticies\/wp-json\/wp\/v2\/posts\/28215"}],"collection":[{"href":"https:\/\/masquefa.cat\/noticies\/wp-json\/wp\/v2\/posts"}],"about":[{"href":"https:\/\/masquefa.cat\/noticies\/wp-json\/wp\/v2\/types\/post"}],"author":[{"embeddable":true,"href":"https:\/\/masquefa.cat\/noticies\/wp-json\/wp\/v2\/users\/7"}],"replies":[{"embeddable":true,"href":"https:\/\/masquefa.cat\/noticies\/wp-json\/wp\/v2\/comments?post=28215"}],"version-history":[{"count":6,"href":"https:\/\/masquefa.cat\/noticies\/wp-json\/wp\/v2\/posts\/28215\/revisions"}],"predecessor-version":[{"id":28268,"href":"https:\/\/masquefa.cat\/noticies\/wp-json\/wp\/v2\/posts\/28215\/revisions\/28268"}],"wp:featuredmedia":[{"embeddable":true,"href":"https:\/\/masquefa.cat\/noticies\/wp-json\/wp\/v2\/media\/28253"}],"wp:attachment":[{"href":"https:\/\/masquefa.cat\/noticies\/wp-json\/wp\/v2\/media?parent=28215"}],"wp:term":[{"taxonomy":"category","embeddable":true,"href":"https:\/\/masquefa.cat\/noticies\/wp-json\/wp\/v2\/categories?post=28215"},{"taxonomy":"post_tag","embeddable":true,"href":"https:\/\/masquefa.cat\/noticies\/wp-json\/wp\/v2\/tags?post=28215"}],"curies":[{"name":"wp","href":"https:\/\/api.w.org\/{rel}","templated":true}]}}