{"id":28238,"date":"2023-03-02T08:00:41","date_gmt":"2023-03-02T07:00:41","guid":{"rendered":"https:\/\/masquefa.cat\/noticies\/?p=28238"},"modified":"2023-02-24T11:10:14","modified_gmt":"2023-02-24T10:10:14","slug":"ja-pots-demanar-cita-previa-telematicament-amb-el-ctc-de-forma-mes-facil","status":"publish","type":"post","link":"https:\/\/masquefa.cat\/noticies\/ja-pots-demanar-cita-previa-telematicament-amb-el-ctc-de-forma-mes-facil\/","title":{"rendered":"Ja pots demanar cita pr\u00e8via telem\u00e0ticament amb el CTC de forma m\u00e9s f\u00e0cil"},"content":{"rendered":"<p><strong>La cita pr\u00e8via es pot demanar als webs de l\u2019Ajuntament i del CTC o en aquest <a href=\"https:\/\/citaprevia.ubintia.com\/masquefa\/#nbb\" target=\"_blank\" rel=\"noopener\">enlla\u00e7<\/a>.<\/strong><\/p>\n<p>El <strong>Centre Tecnol\u00f2gic Comunitari (CTC) de Masquefa<\/strong> estrena aquest 2023 una nova eina que permet a la poblaci\u00f3 demanar <strong>cita pr\u00e8via de forma telem\u00e0tica<\/strong> amb aquest equipament de forma directa i m\u00e9s f\u00e0cil.<\/p>\n<p>Aquesta eina fins ara nom\u00e9s estava disponible per a demanar cita pr\u00e8via amb l\u2019<strong>Oficina d\u2019Atenci\u00f3 al Vilat\u00e0 <\/strong>(OAV), per\u00f2 l\u2019Ajuntament tamb\u00e9 l\u2019ha ampliat ara al CTC. Amb tot, \u00e9s previst que pr\u00f2ximament tamb\u00e9 disposin d\u2019una eina de cita pr\u00e8via telem\u00e0tica les \u00e0rees de <strong>Serveis Territorials<\/strong> i <strong>Serveis Socials<\/strong>.<\/p>\n<p>La cita pr\u00e8via amb el CTC es pot sol\u00b7licitar als webs de l\u2019<strong><a href=\"https:\/\/masquefa.cat\/tramits\/\" target=\"_blank\" rel=\"noopener\">Ajuntament<\/a><\/strong> i del <strong><a href=\"https:\/\/ctc.masquefa.net\/\" target=\"_blank\" rel=\"noopener\">CTC<\/a><\/strong> o a trav\u00e9s d\u2019aquest <strong><a href=\"https:\/\/citaprevia.ubintia.com\/masquefa\/#nbb\" target=\"_blank\" rel=\"noopener\">enlla\u00e7<\/a><\/strong>.<\/p>\n","protected":false},"excerpt":{"rendered":"<p>La cita pr\u00e8via es pot demanar als webs de l\u2019Ajuntament i del CTC o en aquest enlla\u00e7. El Centre Tecnol\u00f2gic Comunitari (CTC) de Masquefa estrena aquest 2023 una nova eina que permet a la poblaci\u00f3 demanar cita pr\u00e8via de forma telem\u00e0tica amb aquest equipament de forma directa i m\u00e9s f\u00e0cil. Aquesta eina fins ara nom\u00e9s&hellip;<\/p>\n","protected":false},"author":7,"featured_media":28239,"comment_status":"closed","ping_status":"open","sticky":false,"template":"","format":"standard","meta":[],"categories":[96,93,1],"tags":[],"_links":{"self":[{"href":"https:\/\/masquefa.cat\/noticies\/wp-json\/wp\/v2\/posts\/28238"}],"collection":[{"href":"https:\/\/masquefa.cat\/noticies\/wp-json\/wp\/v2\/posts"}],"about":[{"href":"https:\/\/masquefa.cat\/noticies\/wp-json\/wp\/v2\/types\/post"}],"author":[{"embeddable":true,"href":"https:\/\/masquefa.cat\/noticies\/wp-json\/wp\/v2\/users\/7"}],"replies":[{"embeddable":true,"href":"https:\/\/masquefa.cat\/noticies\/wp-json\/wp\/v2\/comments?post=28238"}],"version-history":[{"count":1,"href":"https:\/\/masquefa.cat\/noticies\/wp-json\/wp\/v2\/posts\/28238\/revisions"}],"predecessor-version":[{"id":28240,"href":"https:\/\/masquefa.cat\/noticies\/wp-json\/wp\/v2\/posts\/28238\/revisions\/28240"}],"wp:featuredmedia":[{"embeddable":true,"href":"https:\/\/masquefa.cat\/noticies\/wp-json\/wp\/v2\/media\/28239"}],"wp:attachment":[{"href":"https:\/\/masquefa.cat\/noticies\/wp-json\/wp\/v2\/media?parent=28238"}],"wp:term":[{"taxonomy":"category","embeddable":true,"href":"https:\/\/masquefa.cat\/noticies\/wp-json\/wp\/v2\/categories?post=28238"},{"taxonomy":"post_tag","embeddable":true,"href":"https:\/\/masquefa.cat\/noticies\/wp-json\/wp\/v2\/tags?post=28238"}],"curies":[{"name":"wp","href":"https:\/\/api.w.org\/{rel}","templated":true}]}}