{"id":28265,"date":"2023-03-03T08:47:54","date_gmt":"2023-03-03T07:47:54","guid":{"rendered":"https:\/\/masquefa.cat\/noticies\/?p=28265"},"modified":"2023-03-03T08:47:54","modified_gmt":"2023-03-03T07:47:54","slug":"lajuntament-adquireix-un-pis-del-carrer-major-per-ampliar-el-parc-dhabitatges-demergencia","status":"publish","type":"post","link":"https:\/\/masquefa.cat\/noticies\/lajuntament-adquireix-un-pis-del-carrer-major-per-ampliar-el-parc-dhabitatges-demergencia\/","title":{"rendered":"L\u2019Ajuntament adquireix un pis del carrer Major per ampliar el parc d\u2019habitatges d\u2019emerg\u00e8ncia"},"content":{"rendered":"<p><strong>El consistori ha sol\u00b7licitat una subvenci\u00f3 a la Diputaci\u00f3 de Barcelona per a l\u2019adquisici\u00f3 d\u2019aquest immoble.<\/strong><\/p>\n<p>L\u2019Ajuntament de Masquefa treballa per ampliar el <strong>parc d\u2019habitatges d\u2019emerg\u00e8ncia<\/strong> i oferir a les fam\u00edlies o unitats de conviv\u00e8ncia en situaci\u00f3 de vulnerabilitat extrema un recurs habitacional digne al municipi.<\/p>\n<p>En aquesta l\u00ednia, el consistori ha adquirit recentment un <strong>pis ubicat al carrer Major n\u00famero 101 <\/strong>(pis 2n 1a) per un import de <strong>50.800\u20ac<\/strong> que es destinar\u00e0 al <strong>parc p\u00fablic d\u2019habitatge<\/strong>. Per a fer front a aquesta inversi\u00f3, a m\u00e9s, l\u2019Ajuntament ha sol\u00b7licitat a la Diputaci\u00f3 de Barcelona una subvenci\u00f3 de 50.800\u20ac.<\/p>\n<p>Finalment, cal recordar que d\u2019aquest mateix bloc de pisos l\u2019Ajuntament ja n\u2019havia adquirit pr\u00e8viament tres habitatges al llarg dels darrers anys que s\u2019han destinat a habitatge d\u2019emerg\u00e8ncia.<\/p>\n<p><strong>\u00a0<\/strong><\/p>\n","protected":false},"excerpt":{"rendered":"<p>El consistori ha sol\u00b7licitat una subvenci\u00f3 a la Diputaci\u00f3 de Barcelona per a l\u2019adquisici\u00f3 d\u2019aquest immoble. L\u2019Ajuntament de Masquefa treballa per ampliar el parc d\u2019habitatges d\u2019emerg\u00e8ncia i oferir a les fam\u00edlies o unitats de conviv\u00e8ncia en situaci\u00f3 de vulnerabilitat extrema un recurs habitacional digne al municipi. En aquesta l\u00ednia, el consistori ha adquirit recentment un&hellip;<\/p>\n","protected":false},"author":7,"featured_media":28266,"comment_status":"closed","ping_status":"open","sticky":false,"template":"","format":"standard","meta":[],"categories":[96,1,101],"tags":[],"_links":{"self":[{"href":"https:\/\/masquefa.cat\/noticies\/wp-json\/wp\/v2\/posts\/28265"}],"collection":[{"href":"https:\/\/masquefa.cat\/noticies\/wp-json\/wp\/v2\/posts"}],"about":[{"href":"https:\/\/masquefa.cat\/noticies\/wp-json\/wp\/v2\/types\/post"}],"author":[{"embeddable":true,"href":"https:\/\/masquefa.cat\/noticies\/wp-json\/wp\/v2\/users\/7"}],"replies":[{"embeddable":true,"href":"https:\/\/masquefa.cat\/noticies\/wp-json\/wp\/v2\/comments?post=28265"}],"version-history":[{"count":1,"href":"https:\/\/masquefa.cat\/noticies\/wp-json\/wp\/v2\/posts\/28265\/revisions"}],"predecessor-version":[{"id":28267,"href":"https:\/\/masquefa.cat\/noticies\/wp-json\/wp\/v2\/posts\/28265\/revisions\/28267"}],"wp:featuredmedia":[{"embeddable":true,"href":"https:\/\/masquefa.cat\/noticies\/wp-json\/wp\/v2\/media\/28266"}],"wp:attachment":[{"href":"https:\/\/masquefa.cat\/noticies\/wp-json\/wp\/v2\/media?parent=28265"}],"wp:term":[{"taxonomy":"category","embeddable":true,"href":"https:\/\/masquefa.cat\/noticies\/wp-json\/wp\/v2\/categories?post=28265"},{"taxonomy":"post_tag","embeddable":true,"href":"https:\/\/masquefa.cat\/noticies\/wp-json\/wp\/v2\/tags?post=28265"}],"curies":[{"name":"wp","href":"https:\/\/api.w.org\/{rel}","templated":true}]}}