{"id":28546,"date":"2023-05-08T10:51:25","date_gmt":"2023-05-08T08:51:25","guid":{"rendered":"https:\/\/masquefa.cat\/noticies\/?p=28546"},"modified":"2023-05-09T07:08:38","modified_gmt":"2023-05-09T05:08:38","slug":"exit-de-participacio-al-lets-clean-up-europe-2023-a-masquefa","status":"publish","type":"post","link":"https:\/\/masquefa.cat\/noticies\/exit-de-participacio-al-lets-clean-up-europe-2023-a-masquefa\/","title":{"rendered":"\u00c8xit de participaci\u00f3 al \u201cLet\u2019s clean up Europe!\u201d 2023 a Masquefa"},"content":{"rendered":"<p><strong>L\u2019activitat va tenir lloc el 7 de maig de la m\u00e0 de l\u2019ADF de Masquefa.<\/strong><\/p>\n<p>Aquest diumenge 7 de maig els masquefins van aportar el seu petit gra de sorra a la campanya 2023 d\u2019abast europeu del \u201cLet\u2019s clean up Europe!\u201d 2023. I ho van fer a trav\u00e9s de la r<strong>ecollida popular de residus<\/strong> que l\u2019<strong>ADF de Masquefa <\/strong>va organitzar entre Can Parellada i La Beguda Alta, i que va resultar tot un \u00e8xit de convocat\u00f2ria. Durant la jornada es van recollir <strong>250 kg de residus<\/strong>.<\/p>\n<p>El <strong>\u201cLet\u2019s clean up Europe\u201d<\/strong> \u00e9s una acci\u00f3 comuna a tot Europa per conscienciar sobre la quantitat de residus que llencem de forma incontrolada a la natura i promoure accions de sensibilitzaci\u00f3 a trav\u00e9s de la recollida d\u2019aquests residus abocats il\u00b7legalment als boscos, platges, marges de rius, etc. \u00c9s un programa europeu que promou la reducci\u00f3, reutilitzaci\u00f3 i reciclatge de residus a trav\u00e9s d\u2019accions de participaci\u00f3 ciutadana i voluntariat.<\/p>\n<p><strong><u>Trobada Anual 2023 Federaci\u00f3 ADF Anoia a Copons<\/u><\/strong><\/p>\n<p>Mentrestant, el 6 de maig l\u2019ADF de Masquefa tamb\u00e9 va participar a la <strong>trobada\u00a0anual d\u2019ADF de l\u2019Anoia<\/strong> celebrada a Copons. L\u2019esdeveniment estava organitzat per la Federaci\u00f3 d\u2019ADF de l\u2019Anoia, l\u2019ADF Copons\u00a0i l\u2019Ajuntament de Copons.<\/p>\n<p>Com ja \u00e9s habitual, la trobada d\u2019ADF de l\u2019Anoia es va obrir a tots els voluntaris de la comarca de l\u2019Anoia i d\u2019ADF de comarques ve\u00efnes. Aquesta cita ha marcat l\u2019inici de la <strong>campanya de prevenci\u00f3 i extinci\u00f3 d\u2019incendis forestals<\/strong> 2023.<\/p>\n<p>&nbsp;<\/p>\n<p><a class=\"dt-single-image\" href=\"https:\/\/ajmasquefa-multimedia-wp.s3.eu-central-1.amazonaws.com\/wp-content\/uploads\/sites\/22\/2023\/05\/08105108\/94ecf463-be7f-42b2-8b81-c6abdcd88028.jpg\" data-dt-img-description=\"\"><img decoding=\"async\" loading=\"lazy\" class=\" wp-image-28548 aligncenter\" src=\"https:\/\/ajmasquefa-multimedia-wp.s3.eu-central-1.amazonaws.com\/wp-content\/uploads\/sites\/22\/2023\/05\/08105108\/94ecf463-be7f-42b2-8b81-c6abdcd88028.jpg\" alt=\"\" width=\"699\" height=\"393\" srcset=\"https:\/\/ajmasquefa-multimedia-wp.s3.eu-central-1.amazonaws.com\/wp-content\/uploads\/sites\/22\/2023\/05\/08105108\/94ecf463-be7f-42b2-8b81-c6abdcd88028.jpg 1024w, https:\/\/ajmasquefa-multimedia-wp.s3.eu-central-1.amazonaws.com\/wp-content\/uploads\/sites\/22\/2023\/05\/08105108\/94ecf463-be7f-42b2-8b81-c6abdcd88028-300x169.jpg 300w, https:\/\/ajmasquefa-multimedia-wp.s3.eu-central-1.amazonaws.com\/wp-content\/uploads\/sites\/22\/2023\/05\/08105108\/94ecf463-be7f-42b2-8b81-c6abdcd88028-768x432.jpg 768w\" sizes=\"(max-width: 699px) 100vw, 699px\" \/><\/a><\/p>\n<p>&nbsp;<\/p>\n","protected":false},"excerpt":{"rendered":"<p>L\u2019activitat va tenir lloc el 7 de maig de la m\u00e0 de l\u2019ADF de Masquefa. Aquest diumenge 7 de maig els masquefins van aportar el seu petit gra de sorra a la campanya 2023 d\u2019abast europeu del \u201cLet\u2019s clean up Europe!\u201d 2023. I ho van fer a trav\u00e9s de la recollida popular de residus que&hellip;<\/p>\n","protected":false},"author":7,"featured_media":28547,"comment_status":"closed","ping_status":"open","sticky":false,"template":"","format":"standard","meta":[],"categories":[96,1,97],"tags":[],"_links":{"self":[{"href":"https:\/\/masquefa.cat\/noticies\/wp-json\/wp\/v2\/posts\/28546"}],"collection":[{"href":"https:\/\/masquefa.cat\/noticies\/wp-json\/wp\/v2\/posts"}],"about":[{"href":"https:\/\/masquefa.cat\/noticies\/wp-json\/wp\/v2\/types\/post"}],"author":[{"embeddable":true,"href":"https:\/\/masquefa.cat\/noticies\/wp-json\/wp\/v2\/users\/7"}],"replies":[{"embeddable":true,"href":"https:\/\/masquefa.cat\/noticies\/wp-json\/wp\/v2\/comments?post=28546"}],"version-history":[{"count":2,"href":"https:\/\/masquefa.cat\/noticies\/wp-json\/wp\/v2\/posts\/28546\/revisions"}],"predecessor-version":[{"id":28555,"href":"https:\/\/masquefa.cat\/noticies\/wp-json\/wp\/v2\/posts\/28546\/revisions\/28555"}],"wp:featuredmedia":[{"embeddable":true,"href":"https:\/\/masquefa.cat\/noticies\/wp-json\/wp\/v2\/media\/28547"}],"wp:attachment":[{"href":"https:\/\/masquefa.cat\/noticies\/wp-json\/wp\/v2\/media?parent=28546"}],"wp:term":[{"taxonomy":"category","embeddable":true,"href":"https:\/\/masquefa.cat\/noticies\/wp-json\/wp\/v2\/categories?post=28546"},{"taxonomy":"post_tag","embeddable":true,"href":"https:\/\/masquefa.cat\/noticies\/wp-json\/wp\/v2\/tags?post=28546"}],"curies":[{"name":"wp","href":"https:\/\/api.w.org\/{rel}","templated":true}]}}