{"id":28578,"date":"2023-05-12T10:33:35","date_gmt":"2023-05-12T08:33:35","guid":{"rendered":"https:\/\/masquefa.cat\/noticies\/?p=28578"},"modified":"2023-05-12T10:34:04","modified_gmt":"2023-05-12T08:34:04","slug":"masquefa-se-suma-al-dia-deuropa-2023","status":"publish","type":"post","link":"https:\/\/masquefa.cat\/noticies\/masquefa-se-suma-al-dia-deuropa-2023\/","title":{"rendered":"Masquefa se suma al Dia d\u2019Europa 2023"},"content":{"rendered":"<p><strong>L\u2019Ajuntament va organitzar els dies 9 i 11 de maig dues activitats per a compartir aquesta diada amb la poblaci\u00f3.<\/strong><\/p>\n<p>L\u2019Ajuntament de Masquefa s\u2019ha adherit aquesta setmana als actes commemoratius del\u00a0<strong>Dia d\u2019Europa<\/strong>, que es va celebrar el passat 9 de maig. I ho ha fet de la m\u00e0 de la Regidoria de Visi\u00f3 d\u2019Europa amb diferents accions.<\/p>\n<p>La primera d\u2019elles va tenir lloc el mateix dia 9. Es tractava de la <strong>representaci\u00f3 de l\u2019obra de teatre \u201cKal\u00f2psia, un planeta no tan diferent\u201d<\/strong>. A trav\u00e9s d\u2019aquesta obra els alumnes de tercer de prim\u00e0ria de les escoles Font del Roure i El Tur\u00f3 i de tercer i quart de prim\u00e0ria de l\u2019Escola Vinyes Verdes van descobrir com s\u2019ha constru\u00eft Europa des de la diversitat i el respecte.<\/p>\n<p>I el dijous 11 de maig, durant la sessi\u00f3 ordin\u00e0ria del Ple municipal de l\u2019Ajuntament, el consistori -pr\u00e8via lectura del text- es va adherir al <strong>Manifest del Dia d\u2019Europa del Consell Catal\u00e0 del Moviment Europeu<\/strong>.<\/p>\n<p>Finalment, tamb\u00e9 cal destacar que l\u2019Ajuntament de Masquefa ha rebut per part de la Comissi\u00f3 Europea el reconeixement com a <strong>membre de la Xarxa \u201cConstruir Europa amb les autoritats locals\u201d<\/strong>, que reconeix l\u2019esfor\u00e7 de l\u2019administraci\u00f3 local per traslladar els valors de la Uni\u00f3 Europea a la poblaci\u00f3.<\/p>\n<p>&nbsp;<\/p>\n","protected":false},"excerpt":{"rendered":"<p>L\u2019Ajuntament va organitzar els dies 9 i 11 de maig dues activitats per a compartir aquesta diada amb la poblaci\u00f3. L\u2019Ajuntament de Masquefa s\u2019ha adherit aquesta setmana als actes commemoratius del\u00a0Dia d\u2019Europa, que es va celebrar el passat 9 de maig. I ho ha fet de la m\u00e0 de la Regidoria de Visi\u00f3 d\u2019Europa amb&hellip;<\/p>\n","protected":false},"author":7,"featured_media":28579,"comment_status":"closed","ping_status":"open","sticky":false,"template":"","format":"standard","meta":[],"categories":[96,1,102],"tags":[],"_links":{"self":[{"href":"https:\/\/masquefa.cat\/noticies\/wp-json\/wp\/v2\/posts\/28578"}],"collection":[{"href":"https:\/\/masquefa.cat\/noticies\/wp-json\/wp\/v2\/posts"}],"about":[{"href":"https:\/\/masquefa.cat\/noticies\/wp-json\/wp\/v2\/types\/post"}],"author":[{"embeddable":true,"href":"https:\/\/masquefa.cat\/noticies\/wp-json\/wp\/v2\/users\/7"}],"replies":[{"embeddable":true,"href":"https:\/\/masquefa.cat\/noticies\/wp-json\/wp\/v2\/comments?post=28578"}],"version-history":[{"count":1,"href":"https:\/\/masquefa.cat\/noticies\/wp-json\/wp\/v2\/posts\/28578\/revisions"}],"predecessor-version":[{"id":28580,"href":"https:\/\/masquefa.cat\/noticies\/wp-json\/wp\/v2\/posts\/28578\/revisions\/28580"}],"wp:featuredmedia":[{"embeddable":true,"href":"https:\/\/masquefa.cat\/noticies\/wp-json\/wp\/v2\/media\/28579"}],"wp:attachment":[{"href":"https:\/\/masquefa.cat\/noticies\/wp-json\/wp\/v2\/media?parent=28578"}],"wp:term":[{"taxonomy":"category","embeddable":true,"href":"https:\/\/masquefa.cat\/noticies\/wp-json\/wp\/v2\/categories?post=28578"},{"taxonomy":"post_tag","embeddable":true,"href":"https:\/\/masquefa.cat\/noticies\/wp-json\/wp\/v2\/tags?post=28578"}],"curies":[{"name":"wp","href":"https:\/\/api.w.org\/{rel}","templated":true}]}}