{"id":28613,"date":"2023-05-19T09:53:19","date_gmt":"2023-05-19T07:53:19","guid":{"rendered":"https:\/\/masquefa.cat\/noticies\/?p=28613"},"modified":"2023-05-19T09:53:19","modified_gmt":"2023-05-19T07:53:19","slug":"servei-dautobus-municipal-per-a-les-eleccions-del-28-de-maig","status":"publish","type":"post","link":"https:\/\/masquefa.cat\/noticies\/servei-dautobus-municipal-per-a-les-eleccions-del-28-de-maig\/","title":{"rendered":"Servei d\u2019autob\u00fas municipal per a les eleccions del 28 de maig"},"content":{"rendered":"<p><strong>El servei \u00e9s gratu\u00eft i es prestar\u00e0 en horari de mat\u00ed i de tarda.<\/strong><\/p>\n<p>Diumenge\u00a0<strong>28 de maig<\/strong>\u00a0se celebraran les <strong>eleccions municipals 2023<\/strong>. I amb motiu d\u2019aquesta convocat\u00f2ria electoral l\u2019Ajuntament de Masquefa posar\u00e0 a disposici\u00f3 de tots aquells ve\u00efns que ho requereixin un servei d\u2019autob\u00fas per a poder despla\u00e7ar-se als diferents punts de votaci\u00f3.<\/p>\n<p>El servei \u00e9s municipal i gratu\u00eft i es prestar\u00e0 en horari de mat\u00ed i de tarda. Podeu consultar els horaris en aquest <a href=\"https:\/\/ajmasquefa-multimedia-wp.s3.eu-central-1.amazonaws.com\/wp-content\/uploads\/sites\/22\/2023\/05\/19095247\/Servei-Autobus.pdf\" target=\"_blank\" rel=\"noopener\"><strong><u>enlla\u00e7<\/u><\/strong><\/a>.<\/p>\n<p>&nbsp;<\/p>\n","protected":false},"excerpt":{"rendered":"<p>El servei \u00e9s gratu\u00eft i es prestar\u00e0 en horari de mat\u00ed i de tarda. Diumenge\u00a028 de maig\u00a0se celebraran les eleccions municipals 2023. I amb motiu d\u2019aquesta convocat\u00f2ria electoral l\u2019Ajuntament de Masquefa posar\u00e0 a disposici\u00f3 de tots aquells ve\u00efns que ho requereixin un servei d\u2019autob\u00fas per a poder despla\u00e7ar-se als diferents punts de votaci\u00f3. El servei&hellip;<\/p>\n","protected":false},"author":7,"featured_media":0,"comment_status":"closed","ping_status":"open","sticky":false,"template":"","format":"standard","meta":[],"categories":[96,1,54],"tags":[],"_links":{"self":[{"href":"https:\/\/masquefa.cat\/noticies\/wp-json\/wp\/v2\/posts\/28613"}],"collection":[{"href":"https:\/\/masquefa.cat\/noticies\/wp-json\/wp\/v2\/posts"}],"about":[{"href":"https:\/\/masquefa.cat\/noticies\/wp-json\/wp\/v2\/types\/post"}],"author":[{"embeddable":true,"href":"https:\/\/masquefa.cat\/noticies\/wp-json\/wp\/v2\/users\/7"}],"replies":[{"embeddable":true,"href":"https:\/\/masquefa.cat\/noticies\/wp-json\/wp\/v2\/comments?post=28613"}],"version-history":[{"count":2,"href":"https:\/\/masquefa.cat\/noticies\/wp-json\/wp\/v2\/posts\/28613\/revisions"}],"predecessor-version":[{"id":28617,"href":"https:\/\/masquefa.cat\/noticies\/wp-json\/wp\/v2\/posts\/28613\/revisions\/28617"}],"wp:attachment":[{"href":"https:\/\/masquefa.cat\/noticies\/wp-json\/wp\/v2\/media?parent=28613"}],"wp:term":[{"taxonomy":"category","embeddable":true,"href":"https:\/\/masquefa.cat\/noticies\/wp-json\/wp\/v2\/categories?post=28613"},{"taxonomy":"post_tag","embeddable":true,"href":"https:\/\/masquefa.cat\/noticies\/wp-json\/wp\/v2\/tags?post=28613"}],"curies":[{"name":"wp","href":"https:\/\/api.w.org\/{rel}","templated":true}]}}