{"id":28727,"date":"2023-06-13T08:00:16","date_gmt":"2023-06-13T06:00:16","guid":{"rendered":"https:\/\/masquefa.cat\/noticies\/?p=28727"},"modified":"2023-06-12T08:46:51","modified_gmt":"2023-06-12T06:46:51","slug":"masquefa-se-suma-al-dia-mundial-de-la-presa-de-consciencia-sobre-labus-i-el-maltractament-a-les-persones-grans","status":"publish","type":"post","link":"https:\/\/masquefa.cat\/noticies\/masquefa-se-suma-al-dia-mundial-de-la-presa-de-consciencia-sobre-labus-i-el-maltractament-a-les-persones-grans\/","title":{"rendered":"Masquefa se suma al Dia Mundial de la Presa de Consci\u00e8ncia sobre l\u2019Ab\u00fas i el Maltractament a les Persones Grans"},"content":{"rendered":"<p><strong>El dijous 15 de juny la p\u00e8rgola del CTC s\u2019il\u00b7luminar\u00e0 de color verd com a mostra de suport a aquesta diada.<\/strong><\/p>\n<p>Aquest 15 de juny es commemora el\u00a0<strong>Dia Mundial de la Presa de Consci\u00e8ncia sobre l\u2019Ab\u00fas i el Maltractament a les Persones Grans<\/strong>, una jornada dedicada a visibilitzar i reflexionar sobre el tracte que donem a les persones grans per tal d\u2019evitar situacions d\u2019ab\u00fas o maltractament, no nom\u00e9s al domicili, sin\u00f3 tamb\u00e9 des de les institucions, empreses, professionals, o per part de qualsevol persona que vulneri la integritat f\u00edsica, ps\u00edquica, sexual, econ\u00f2mica, el principi d\u2019autonomia o un dret fonamental de l\u2019individu.<\/p>\n<p>I des de Masquefa -de la m\u00e0 del Consell de la Gent Gran de l\u2019Anoia i del Consell Comarcal de l\u2019Anoia- ens sumem a la celebraci\u00f3 d\u2019aquesta diada amb diferents accions de sensibilitzaci\u00f3:<\/p>\n<ul>\n<li>En aquest <a href=\"https:\/\/ajmasquefa-multimedia-wp.s3.eu-central-1.amazonaws.com\/wp-content\/uploads\/sites\/22\/2023\/06\/12084536\/Dia-maltractaments-Gent-Gran-2023-Proposta-comissio-Maltractaments.pdf\" target=\"_blank\" rel=\"noopener\"><strong>enlla\u00e7<\/strong><\/a> podeu llegir i descarregar-vos el <strong>Manifest de la Comissi\u00f3 Executiva del Consell de Gent Gran de Catalunya<\/strong>.<\/li>\n<li>En aquest <strong><a href=\"https:\/\/www.youtube.com\/watch?v=ug0Wzpe0nJg&amp;ab_channel=GentGranAnoia\">enlla\u00e7<\/a> <\/strong>podeu consultar l\u2019<strong>spot<\/strong> que la Xarxa de Territoris per l&#8217;Envelliment Actiu juntament amb l&#8217;Oficina de la Gent Gran Activa han on m\u00e9s de 25 administracions i Consells de la Gent Gran se sumen a dir prou als maltractaments a les persones grans.<\/li>\n<li>El 15 de juny <strong>la p\u00e8rgola del CTC Masquefa s\u2019il\u00b7luminar\u00e0 de color verd<\/strong> per recordar que, tot i existir el maltractament a les persones grans, tenim l\u2019esperan\u00e7a que, entre tots, aconseguirem aturar-lo.<\/li>\n<\/ul>\n<p>&nbsp;<\/p>\n<p>&nbsp;<\/p>\n","protected":false},"excerpt":{"rendered":"<p>El dijous 15 de juny la p\u00e8rgola del CTC s\u2019il\u00b7luminar\u00e0 de color verd com a mostra de suport a aquesta diada. Aquest 15 de juny es commemora el\u00a0Dia Mundial de la Presa de Consci\u00e8ncia sobre l\u2019Ab\u00fas i el Maltractament a les Persones Grans, una jornada dedicada a visibilitzar i reflexionar sobre el tracte que donem&hellip;<\/p>\n","protected":false},"author":7,"featured_media":0,"comment_status":"closed","ping_status":"open","sticky":false,"template":"","format":"standard","meta":[],"categories":[96,1,64],"tags":[],"_links":{"self":[{"href":"https:\/\/masquefa.cat\/noticies\/wp-json\/wp\/v2\/posts\/28727"}],"collection":[{"href":"https:\/\/masquefa.cat\/noticies\/wp-json\/wp\/v2\/posts"}],"about":[{"href":"https:\/\/masquefa.cat\/noticies\/wp-json\/wp\/v2\/types\/post"}],"author":[{"embeddable":true,"href":"https:\/\/masquefa.cat\/noticies\/wp-json\/wp\/v2\/users\/7"}],"replies":[{"embeddable":true,"href":"https:\/\/masquefa.cat\/noticies\/wp-json\/wp\/v2\/comments?post=28727"}],"version-history":[{"count":1,"href":"https:\/\/masquefa.cat\/noticies\/wp-json\/wp\/v2\/posts\/28727\/revisions"}],"predecessor-version":[{"id":28730,"href":"https:\/\/masquefa.cat\/noticies\/wp-json\/wp\/v2\/posts\/28727\/revisions\/28730"}],"wp:attachment":[{"href":"https:\/\/masquefa.cat\/noticies\/wp-json\/wp\/v2\/media?parent=28727"}],"wp:term":[{"taxonomy":"category","embeddable":true,"href":"https:\/\/masquefa.cat\/noticies\/wp-json\/wp\/v2\/categories?post=28727"},{"taxonomy":"post_tag","embeddable":true,"href":"https:\/\/masquefa.cat\/noticies\/wp-json\/wp\/v2\/tags?post=28727"}],"curies":[{"name":"wp","href":"https:\/\/api.w.org\/{rel}","templated":true}]}}