{"id":28875,"date":"2023-07-19T08:00:38","date_gmt":"2023-07-19T06:00:38","guid":{"rendered":"https:\/\/masquefa.cat\/noticies\/?p=28875"},"modified":"2023-07-18T13:53:46","modified_gmt":"2023-07-18T11:53:46","slug":"nomenament-de-la-senyora-sonia-manzanares-polo-funcionaria-de-carrera-com-a-tecnica-de-medi-ambient","status":"publish","type":"post","link":"https:\/\/masquefa.cat\/noticies\/nomenament-de-la-senyora-sonia-manzanares-polo-funcionaria-de-carrera-com-a-tecnica-de-medi-ambient\/","title":{"rendered":"Nomenament de la senyora S\u00f2nia Manzanares Polo, funcion\u00e0ria de carrera, com a t\u00e8cnica de Medi Ambient"},"content":{"rendered":"<p><strong>El nomenament es fa a efectes del dia 17 de juliol de 2023.<\/strong><\/p>\n<p>L\u2019Ajuntament de Masquefa ha nomenat a la senyora <strong>S\u00f2nia Manzanares Polo<\/strong> com a t\u00e8cnica de Medi Ambient funcion\u00e0ria de carrera del consistori.<\/p>\n<p>El nomenament s\u2019ha dut a terme en el marc del proc\u00e9s d\u2019estabilitzaci\u00f3 de l\u2019ocupaci\u00f3 temporal 2022-2024, entre els quals est\u00e0 inclosa la pla\u00e7a de t\u00e8cnic de Medi Ambient.<\/p>\n","protected":false},"excerpt":{"rendered":"<p>El nomenament es fa a efectes del dia 17 de juliol de 2023. L\u2019Ajuntament de Masquefa ha nomenat a la senyora S\u00f2nia Manzanares Polo com a t\u00e8cnica de Medi Ambient funcion\u00e0ria de carrera del consistori. El nomenament s\u2019ha dut a terme en el marc del proc\u00e9s d\u2019estabilitzaci\u00f3 de l\u2019ocupaci\u00f3 temporal 2022-2024, entre els quals est\u00e0&hellip;<\/p>\n","protected":false},"author":7,"featured_media":28891,"comment_status":"closed","ping_status":"open","sticky":false,"template":"","format":"standard","meta":[],"categories":[95],"tags":[],"_links":{"self":[{"href":"https:\/\/masquefa.cat\/noticies\/wp-json\/wp\/v2\/posts\/28875"}],"collection":[{"href":"https:\/\/masquefa.cat\/noticies\/wp-json\/wp\/v2\/posts"}],"about":[{"href":"https:\/\/masquefa.cat\/noticies\/wp-json\/wp\/v2\/types\/post"}],"author":[{"embeddable":true,"href":"https:\/\/masquefa.cat\/noticies\/wp-json\/wp\/v2\/users\/7"}],"replies":[{"embeddable":true,"href":"https:\/\/masquefa.cat\/noticies\/wp-json\/wp\/v2\/comments?post=28875"}],"version-history":[{"count":2,"href":"https:\/\/masquefa.cat\/noticies\/wp-json\/wp\/v2\/posts\/28875\/revisions"}],"predecessor-version":[{"id":28877,"href":"https:\/\/masquefa.cat\/noticies\/wp-json\/wp\/v2\/posts\/28875\/revisions\/28877"}],"wp:featuredmedia":[{"embeddable":true,"href":"https:\/\/masquefa.cat\/noticies\/wp-json\/wp\/v2\/media\/28891"}],"wp:attachment":[{"href":"https:\/\/masquefa.cat\/noticies\/wp-json\/wp\/v2\/media?parent=28875"}],"wp:term":[{"taxonomy":"category","embeddable":true,"href":"https:\/\/masquefa.cat\/noticies\/wp-json\/wp\/v2\/categories?post=28875"},{"taxonomy":"post_tag","embeddable":true,"href":"https:\/\/masquefa.cat\/noticies\/wp-json\/wp\/v2\/tags?post=28875"}],"curies":[{"name":"wp","href":"https:\/\/api.w.org\/{rel}","templated":true}]}}