{"id":28998,"date":"2023-09-19T09:13:13","date_gmt":"2023-09-19T07:13:13","guid":{"rendered":"https:\/\/masquefa.cat\/noticies\/?p=28998"},"modified":"2023-09-20T11:28:26","modified_gmt":"2023-09-20T09:28:26","slug":"21-de-setembre-ple-municipal-ordinari-de-lajuntament","status":"publish","type":"post","link":"https:\/\/masquefa.cat\/noticies\/21-de-setembre-ple-municipal-ordinari-de-lajuntament\/","title":{"rendered":"21 de setembre: Ple municipal ordinari de l\u2019Ajuntament"},"content":{"rendered":"<p><strong>La sessi\u00f3 tindr\u00e0 lloc a les 18 h a la Sala de Plens de l\u2019Ajuntament i \u00e9s oberta al p\u00fablic en general.<\/strong><\/p>\n<p>Dijous\u00a0<strong>21 de setembre <\/strong>l\u2019Ajuntament de Masquefa celebra un Ple municipal ordinari. La sessi\u00f3 tindr\u00e0 lloc a les 18 h a la Sala de Plens del consistori i \u00e9s oberta al p\u00fablic en general.<\/p>\n<p>El Ple, a m\u00e9s, tamb\u00e9 es podr\u00e0 seguir\u00a0en directe a trav\u00e9s del\u00a0<a href=\"https:\/\/www.youtube.com\/@AJUNTAMENTMASQUEFA\/about\" target=\"_blank\" rel=\"noopener\">canal de YouTube de l&#8217;Ajuntament de Masquefa<\/a>.<\/p>\n<p><a href=\"https:\/\/ajmasquefa-multimedia-wp.s3.eu-central-1.amazonaws.com\/wp-content\/uploads\/sites\/22\/2023\/09\/19091234\/Ordre-del-dia-popular-ple-ord-21_09_2023.pdf\" target=\"_blank\" rel=\"noopener\"><em>Consulta l\u2019ordre del dia.<\/em><\/a><\/p>\n","protected":false},"excerpt":{"rendered":"<p>La sessi\u00f3 tindr\u00e0 lloc a les 18 h a la Sala de Plens de l\u2019Ajuntament i \u00e9s oberta al p\u00fablic en general. Dijous\u00a021 de setembre l\u2019Ajuntament de Masquefa celebra un Ple municipal ordinari. La sessi\u00f3 tindr\u00e0 lloc a les 18 h a la Sala de Plens del consistori i \u00e9s oberta al p\u00fablic en general.&hellip;<\/p>\n","protected":false},"author":7,"featured_media":0,"comment_status":"closed","ping_status":"open","sticky":false,"template":"","format":"standard","meta":[],"categories":[96,108,1,54],"tags":[],"_links":{"self":[{"href":"https:\/\/masquefa.cat\/noticies\/wp-json\/wp\/v2\/posts\/28998"}],"collection":[{"href":"https:\/\/masquefa.cat\/noticies\/wp-json\/wp\/v2\/posts"}],"about":[{"href":"https:\/\/masquefa.cat\/noticies\/wp-json\/wp\/v2\/types\/post"}],"author":[{"embeddable":true,"href":"https:\/\/masquefa.cat\/noticies\/wp-json\/wp\/v2\/users\/7"}],"replies":[{"embeddable":true,"href":"https:\/\/masquefa.cat\/noticies\/wp-json\/wp\/v2\/comments?post=28998"}],"version-history":[{"count":3,"href":"https:\/\/masquefa.cat\/noticies\/wp-json\/wp\/v2\/posts\/28998\/revisions"}],"predecessor-version":[{"id":29003,"href":"https:\/\/masquefa.cat\/noticies\/wp-json\/wp\/v2\/posts\/28998\/revisions\/29003"}],"wp:attachment":[{"href":"https:\/\/masquefa.cat\/noticies\/wp-json\/wp\/v2\/media?parent=28998"}],"wp:term":[{"taxonomy":"category","embeddable":true,"href":"https:\/\/masquefa.cat\/noticies\/wp-json\/wp\/v2\/categories?post=28998"},{"taxonomy":"post_tag","embeddable":true,"href":"https:\/\/masquefa.cat\/noticies\/wp-json\/wp\/v2\/tags?post=28998"}],"curies":[{"name":"wp","href":"https:\/\/api.w.org\/{rel}","templated":true}]}}