{"id":29142,"date":"2023-10-27T10:30:22","date_gmt":"2023-10-27T08:30:22","guid":{"rendered":"https:\/\/masquefa.cat\/noticies\/?p=29142"},"modified":"2023-10-27T10:30:22","modified_gmt":"2023-10-27T08:30:22","slug":"loficina-mobil-dinformacio-al-consumidor-visitara-masquefa-el-6-de-novembre","status":"publish","type":"post","link":"https:\/\/masquefa.cat\/noticies\/loficina-mobil-dinformacio-al-consumidor-visitara-masquefa-el-6-de-novembre\/","title":{"rendered":"L&#8217;Oficina M\u00f2bil d&#8217;Informaci\u00f3 al Consumidor visitar\u00e0 Masquefa el 6 de novembre"},"content":{"rendered":"<p class=\"m_-5840392194952486691CosA\"><b><span lang=\"CA\">S&#8217;instal\u00b7lar\u00e0 a la vila el 6 de novembre, de 10:30 h a 13:00 h davant del Centre Tecnol\u00f2gic i Comunitari (CTC) per resoldre consultes i dubtes sobre consum.<\/span><\/b><b><u><\/u><u><\/u><\/b><\/p>\n<p class=\"m_-5840392194952486691CosA\"><span lang=\"CA\">\u00a0<u><\/u><\/span><span lang=\"CA\">L&#8217;Ajuntament de Masquefa i la Diputaci\u00f3 de Barcelona, en col\u00b7laboraci\u00f3, ofereixen als ve\u00efns l\u2019oportunitat d&#8217;obtenir assessorament sobre temes relacionats amb el consum. L&#8217;Oficina M\u00f2bil d&#8217;Informaci\u00f3 al Consumidor estar\u00e0 a la disposici\u00f3 dels masquefins el 6 de novembre, de 10:30 h a 13:00 h, davant del CTC.<\/span><u><\/u><u><\/u><span lang=\"CA\"><u><\/u>\u00a0<u><\/u><\/span><\/p>\n<p class=\"m_-5840392194952486691CosA\"><span lang=\"CA\">L\u2019equip de t\u00e8cnics de la Diputaci\u00f3 de Barcelona estar\u00e0 disponible per respondre les consultes i oferir orientaci\u00f3 gratu\u00efta en els seg\u00fcents \u00e0mbits: consum, comer\u00e7, drets dels consumidors, compra i lloguer d\u2019habitatge, serveis bancaris, vehicles, etiquetatge i garanties de productes, serveis postvenda, assegurances i viatges.<\/span><u><\/u><u><\/u><\/p>\n<p class=\"m_-5840392194952486691CosA\"><span lang=\"CA\">Aquest servei gratu\u00eft busca empoderar els vilatans perqu\u00e8 prenguin decisions informades sobre les seves despeses i els seus drets com a consumidors.<\/span><\/p>\n","protected":false},"excerpt":{"rendered":"<p>S&#8217;instal\u00b7lar\u00e0 a la vila el 6 de novembre, de 10:30 h a 13:00 h davant del Centre Tecnol\u00f2gic i Comunitari (CTC) per resoldre consultes i dubtes sobre consum. \u00a0L&#8217;Ajuntament de Masquefa i la Diputaci\u00f3 de Barcelona, en col\u00b7laboraci\u00f3, ofereixen als ve\u00efns l\u2019oportunitat d&#8217;obtenir assessorament sobre temes relacionats amb el consum. L&#8217;Oficina M\u00f2bil d&#8217;Informaci\u00f3 al Consumidor&hellip;<\/p>\n","protected":false},"author":7,"featured_media":29143,"comment_status":"closed","ping_status":"open","sticky":false,"template":"","format":"standard","meta":[],"categories":[96,1,54],"tags":[],"_links":{"self":[{"href":"https:\/\/masquefa.cat\/noticies\/wp-json\/wp\/v2\/posts\/29142"}],"collection":[{"href":"https:\/\/masquefa.cat\/noticies\/wp-json\/wp\/v2\/posts"}],"about":[{"href":"https:\/\/masquefa.cat\/noticies\/wp-json\/wp\/v2\/types\/post"}],"author":[{"embeddable":true,"href":"https:\/\/masquefa.cat\/noticies\/wp-json\/wp\/v2\/users\/7"}],"replies":[{"embeddable":true,"href":"https:\/\/masquefa.cat\/noticies\/wp-json\/wp\/v2\/comments?post=29142"}],"version-history":[{"count":1,"href":"https:\/\/masquefa.cat\/noticies\/wp-json\/wp\/v2\/posts\/29142\/revisions"}],"predecessor-version":[{"id":29144,"href":"https:\/\/masquefa.cat\/noticies\/wp-json\/wp\/v2\/posts\/29142\/revisions\/29144"}],"wp:featuredmedia":[{"embeddable":true,"href":"https:\/\/masquefa.cat\/noticies\/wp-json\/wp\/v2\/media\/29143"}],"wp:attachment":[{"href":"https:\/\/masquefa.cat\/noticies\/wp-json\/wp\/v2\/media?parent=29142"}],"wp:term":[{"taxonomy":"category","embeddable":true,"href":"https:\/\/masquefa.cat\/noticies\/wp-json\/wp\/v2\/categories?post=29142"},{"taxonomy":"post_tag","embeddable":true,"href":"https:\/\/masquefa.cat\/noticies\/wp-json\/wp\/v2\/tags?post=29142"}],"curies":[{"name":"wp","href":"https:\/\/api.w.org\/{rel}","templated":true}]}}