{"id":29156,"date":"2023-11-03T10:46:45","date_gmt":"2023-11-03T09:46:45","guid":{"rendered":"https:\/\/masquefa.cat\/noticies\/?p=29156"},"modified":"2023-11-03T10:46:45","modified_gmt":"2023-11-03T09:46:45","slug":"nomenament-de-la-senyora-eva-lorenzo-munoz-funcionaria-interina-com-auxiliar-administrativa","status":"publish","type":"post","link":"https:\/\/masquefa.cat\/noticies\/nomenament-de-la-senyora-eva-lorenzo-munoz-funcionaria-interina-com-auxiliar-administrativa\/","title":{"rendered":"Nomenament de la senyora Eva Lorenzo Mu\u00f1oz, funcion\u00e0ria interina, com auxiliar administrativa"},"content":{"rendered":"<p class=\"p1\"><b>El nomenament es fa a efectes del 2 de novembre de 2023.<\/b><\/p>\n<p class=\"p3\">L\u2019Ajuntament de Masquefa ha nomenat a la senyora Eva Lorenzo Mu\u00f1oz com a auxiliar administrativa de les \u00e0rees de Cultura i Esports, en qualitat de funcion\u00e0ria interina, a efectes del 2 de novembre de 2023.<span class=\"Apple-converted-space\">\u00a0<\/span><\/p>\n<p class=\"p3\">La senyora\u00a0Eva Lorenzo Mu\u00f1oz\u00a0exerceix en el seu nou lloc de treball des del 2 de novembre i fins a la convocat\u00f2ria definitiva de la pla\u00e7a, o fins a un m\u00e0xim de 3 anys, sempre que superi el per\u00edode de prova d\u2019un mes.<\/p>\n","protected":false},"excerpt":{"rendered":"<p>El nomenament es fa a efectes del 2 de novembre de 2023. L\u2019Ajuntament de Masquefa ha nomenat a la senyora Eva Lorenzo Mu\u00f1oz com a auxiliar administrativa de les \u00e0rees de Cultura i Esports, en qualitat de funcion\u00e0ria interina, a efectes del 2 de novembre de 2023.\u00a0 La senyora\u00a0Eva Lorenzo Mu\u00f1oz\u00a0exerceix en el seu nou&hellip;<\/p>\n","protected":false},"author":7,"featured_media":29157,"comment_status":"closed","ping_status":"open","sticky":false,"template":"","format":"standard","meta":[],"categories":[95],"tags":[],"_links":{"self":[{"href":"https:\/\/masquefa.cat\/noticies\/wp-json\/wp\/v2\/posts\/29156"}],"collection":[{"href":"https:\/\/masquefa.cat\/noticies\/wp-json\/wp\/v2\/posts"}],"about":[{"href":"https:\/\/masquefa.cat\/noticies\/wp-json\/wp\/v2\/types\/post"}],"author":[{"embeddable":true,"href":"https:\/\/masquefa.cat\/noticies\/wp-json\/wp\/v2\/users\/7"}],"replies":[{"embeddable":true,"href":"https:\/\/masquefa.cat\/noticies\/wp-json\/wp\/v2\/comments?post=29156"}],"version-history":[{"count":1,"href":"https:\/\/masquefa.cat\/noticies\/wp-json\/wp\/v2\/posts\/29156\/revisions"}],"predecessor-version":[{"id":29158,"href":"https:\/\/masquefa.cat\/noticies\/wp-json\/wp\/v2\/posts\/29156\/revisions\/29158"}],"wp:featuredmedia":[{"embeddable":true,"href":"https:\/\/masquefa.cat\/noticies\/wp-json\/wp\/v2\/media\/29157"}],"wp:attachment":[{"href":"https:\/\/masquefa.cat\/noticies\/wp-json\/wp\/v2\/media?parent=29156"}],"wp:term":[{"taxonomy":"category","embeddable":true,"href":"https:\/\/masquefa.cat\/noticies\/wp-json\/wp\/v2\/categories?post=29156"},{"taxonomy":"post_tag","embeddable":true,"href":"https:\/\/masquefa.cat\/noticies\/wp-json\/wp\/v2\/tags?post=29156"}],"curies":[{"name":"wp","href":"https:\/\/api.w.org\/{rel}","templated":true}]}}