{"id":29168,"date":"2023-11-08T12:13:29","date_gmt":"2023-11-08T11:13:29","guid":{"rendered":"https:\/\/masquefa.cat\/noticies\/?p=29168"},"modified":"2023-11-09T09:48:37","modified_gmt":"2023-11-09T08:48:37","slug":"lajuntament-incorpora-dues-estudiants-en-practiques","status":"publish","type":"post","link":"https:\/\/masquefa.cat\/noticies\/lajuntament-incorpora-dues-estudiants-en-practiques\/","title":{"rendered":"L\u2019Ajuntament incorpora tres estudiants en pr\u00e0ctiques"},"content":{"rendered":"<p><strong>Les senyores S\u00edlvia Gris, Avril Guajardo i Estela Linares faran les pr\u00e0ctiques des del 6 de novembre de 2023 al 12 de <\/strong><strong>desembre de 2023; del 24 d&#8217;octubre de 2023 al 12 d\u2019abril de 2024; i del 8 de novembre al 29 de novembre, respectivament.<\/strong><\/p>\n<p>L\u2019Ajuntament de Masquefa, com a col\u00b7laborador en la formaci\u00f3 pr\u00e0ctica d\u2019estudiants, incorpora aquesta tardor tres estudiants en pr\u00e0ctiques. S\u00f3n S\u00edlvia Gris, de la Fundaci\u00f3 Privada Jaume Balmes, Avril Guajardo, de l\u2019Institut Daniel Blanxart i Pedrals i Estela Linares, de la Instituci\u00f3 Escolar Balmes.<\/p>\n<p>Del 6 de novembre de 2023 al 12 de desembre de 2023, Gris, estudiant d\u2019operacions auxiliars d\u2019enregistrament i tractament de dades i documents, far\u00e0 pr\u00e0ctiques al Centre Tecnol\u00f2gic Comunitari (CTC), relacionades amb aquesta especialitat formativa.<\/p>\n<p>Pel que fa a Guajardo, estudiant de gesti\u00f3 administrativa, tamb\u00e9 far\u00e0 pr\u00e0ctiques al CTC entre el 24 d&#8217;octubre de 2023 i el 12 d\u2019abril de 2024.<\/p>\n<p>Linares, tamb\u00e9 estudiant de gesti\u00f3 administrativa, far\u00e0 les seves pr\u00e0ctiques a l&#8217;\u00e0rea de serveis generals des del 8 de novembre al 29 de novembre.<\/p>\n","protected":false},"excerpt":{"rendered":"<p>Les senyores S\u00edlvia Gris, Avril Guajardo i Estela Linares faran les pr\u00e0ctiques des del 6 de novembre de 2023 al 12 de desembre de 2023; del 24 d&#8217;octubre de 2023 al 12 d\u2019abril de 2024; i del 8 de novembre al 29 de novembre, respectivament. L\u2019Ajuntament de Masquefa, com a col\u00b7laborador en la formaci\u00f3 pr\u00e0ctica&hellip;<\/p>\n","protected":false},"author":7,"featured_media":29172,"comment_status":"closed","ping_status":"open","sticky":false,"template":"","format":"standard","meta":[],"categories":[95],"tags":[],"_links":{"self":[{"href":"https:\/\/masquefa.cat\/noticies\/wp-json\/wp\/v2\/posts\/29168"}],"collection":[{"href":"https:\/\/masquefa.cat\/noticies\/wp-json\/wp\/v2\/posts"}],"about":[{"href":"https:\/\/masquefa.cat\/noticies\/wp-json\/wp\/v2\/types\/post"}],"author":[{"embeddable":true,"href":"https:\/\/masquefa.cat\/noticies\/wp-json\/wp\/v2\/users\/7"}],"replies":[{"embeddable":true,"href":"https:\/\/masquefa.cat\/noticies\/wp-json\/wp\/v2\/comments?post=29168"}],"version-history":[{"count":3,"href":"https:\/\/masquefa.cat\/noticies\/wp-json\/wp\/v2\/posts\/29168\/revisions"}],"predecessor-version":[{"id":29173,"href":"https:\/\/masquefa.cat\/noticies\/wp-json\/wp\/v2\/posts\/29168\/revisions\/29173"}],"wp:featuredmedia":[{"embeddable":true,"href":"https:\/\/masquefa.cat\/noticies\/wp-json\/wp\/v2\/media\/29172"}],"wp:attachment":[{"href":"https:\/\/masquefa.cat\/noticies\/wp-json\/wp\/v2\/media?parent=29168"}],"wp:term":[{"taxonomy":"category","embeddable":true,"href":"https:\/\/masquefa.cat\/noticies\/wp-json\/wp\/v2\/categories?post=29168"},{"taxonomy":"post_tag","embeddable":true,"href":"https:\/\/masquefa.cat\/noticies\/wp-json\/wp\/v2\/tags?post=29168"}],"curies":[{"name":"wp","href":"https:\/\/api.w.org\/{rel}","templated":true}]}}