{"id":29270,"date":"2023-11-29T09:34:21","date_gmt":"2023-11-29T08:34:21","guid":{"rendered":"https:\/\/masquefa.cat\/noticies\/?p=29270"},"modified":"2023-11-29T09:34:21","modified_gmt":"2023-11-29T08:34:21","slug":"aquest-divendres-1-de-desembre-comenca-el-nadal-amb-lencesa-de-llums","status":"publish","type":"post","link":"https:\/\/masquefa.cat\/noticies\/aquest-divendres-1-de-desembre-comenca-el-nadal-amb-lencesa-de-llums\/","title":{"rendered":"Aquest divendres, 1 de desembre, comen\u00e7a el Nadal amb l\u2019encesa de llums"},"content":{"rendered":"<p class=\"p1\"><b>Aquesta jornada marcar\u00e0 oficialment l\u2019inici de la temporada de Nadal a Masquefa.<\/b><\/p>\n<p class=\"p3\">Masquefa es prepara per donar la benvinguda a la temporada festiva amb l\u2019encesa de les llums de Nadal, que tindr\u00e0 lloc aquest divendres, 1 de desembre, davant de l\u2019esgl\u00e9sia. L\u2019encesa anir\u00e0 acompanyada de diferents actes previs per escalfar motors i passar una tarda en fam\u00edlia.<span class=\"Apple-converted-space\">\u00a0<\/span><\/p>\n<p class=\"p3\">Comen\u00e7ar\u00e0 a les 17 h amb activitats de dinamitzaci\u00f3 infantil, com jocs, maquillatge i tallers nadalencs. A les 17:30 h hi haur\u00e0 \u2018El Joc del Ti\u00f3\u2019, una gimcana familiar que sorprendr\u00e0 petits i grans. A les 18 h tindr\u00e0 lloc una xocolatada familiar, en col\u00b7laboraci\u00f3 amb el Bar Ramon i el Club de Patinatge Art\u00edstic Masquefa, mentre que a les 18:30 h arribar\u00e0 l\u2019Esperit de Nadal.<span class=\"Apple-converted-space\">\u00a0<\/span><\/p>\n<p class=\"p3\">L\u2019esperada encesa de les llums ser\u00e0 a les 19:30 h, <strong>de la m\u00e0 de l&#8217;alcalde, Roger V\u00e0zquez, i de Mireia Serrano, presidenta de Masquefa Comer\u00e7<\/strong>, i marcar\u00e0 oficialment l&#8217;inici de la temporada de Nadal a Masquefa. Des de l\u20191 de desembre i fins a mitjans de gener, les llums decoratives il\u00b7luminaran els carrers, creant una atmosfera m\u00e0gica i festiva per a tots els masquefins.<span class=\"Apple-converted-space\">\u00a0<\/span><\/p>\n","protected":false},"excerpt":{"rendered":"<p>Aquesta jornada marcar\u00e0 oficialment l\u2019inici de la temporada de Nadal a Masquefa. Masquefa es prepara per donar la benvinguda a la temporada festiva amb l\u2019encesa de les llums de Nadal, que tindr\u00e0 lloc aquest divendres, 1 de desembre, davant de l\u2019esgl\u00e9sia. L\u2019encesa anir\u00e0 acompanyada de diferents actes previs per escalfar motors i passar una tarda&hellip;<\/p>\n","protected":false},"author":7,"featured_media":29271,"comment_status":"closed","ping_status":"open","sticky":false,"template":"","format":"standard","meta":[],"categories":[108,1],"tags":[],"_links":{"self":[{"href":"https:\/\/masquefa.cat\/noticies\/wp-json\/wp\/v2\/posts\/29270"}],"collection":[{"href":"https:\/\/masquefa.cat\/noticies\/wp-json\/wp\/v2\/posts"}],"about":[{"href":"https:\/\/masquefa.cat\/noticies\/wp-json\/wp\/v2\/types\/post"}],"author":[{"embeddable":true,"href":"https:\/\/masquefa.cat\/noticies\/wp-json\/wp\/v2\/users\/7"}],"replies":[{"embeddable":true,"href":"https:\/\/masquefa.cat\/noticies\/wp-json\/wp\/v2\/comments?post=29270"}],"version-history":[{"count":1,"href":"https:\/\/masquefa.cat\/noticies\/wp-json\/wp\/v2\/posts\/29270\/revisions"}],"predecessor-version":[{"id":29272,"href":"https:\/\/masquefa.cat\/noticies\/wp-json\/wp\/v2\/posts\/29270\/revisions\/29272"}],"wp:featuredmedia":[{"embeddable":true,"href":"https:\/\/masquefa.cat\/noticies\/wp-json\/wp\/v2\/media\/29271"}],"wp:attachment":[{"href":"https:\/\/masquefa.cat\/noticies\/wp-json\/wp\/v2\/media?parent=29270"}],"wp:term":[{"taxonomy":"category","embeddable":true,"href":"https:\/\/masquefa.cat\/noticies\/wp-json\/wp\/v2\/categories?post=29270"},{"taxonomy":"post_tag","embeddable":true,"href":"https:\/\/masquefa.cat\/noticies\/wp-json\/wp\/v2\/tags?post=29270"}],"curies":[{"name":"wp","href":"https:\/\/api.w.org\/{rel}","templated":true}]}}