{"id":29328,"date":"2023-12-12T16:51:13","date_gmt":"2023-12-12T15:51:13","guid":{"rendered":"https:\/\/masquefa.cat\/noticies\/?p=29328"},"modified":"2023-12-12T16:51:26","modified_gmt":"2023-12-12T15:51:26","slug":"el-programa-masquefa-amb-visio-europea-porta-la-unio-europea-als-centres-educatius-del-municipi","status":"publish","type":"post","link":"https:\/\/masquefa.cat\/noticies\/el-programa-masquefa-amb-visio-europea-porta-la-unio-europea-als-centres-educatius-del-municipi\/","title":{"rendered":"El programa \u2018Masquefa amb visi\u00f3 europea\u2019 porta la Uni\u00f3 Europea als centres educatius del municipi"},"content":{"rendered":"<p class=\"p2\"><b>El programa consta de xerrades sobre Europa i els valors de la Uni\u00f3 Europea als joves de l\u2019ESO i bstxillerat, i tamb\u00e9 forma els equips docents dels centres de prim\u00e0ria i secund\u00e0ria.<\/b><\/p>\n<p class=\"p2\">La regidoria de Visi\u00f3 Europea de l\u2019Ajuntament de Masquefa desenvolupa un programa que porta a les aules dels centres educatius i als seus centres educatius sessions de formaci\u00f3 i xerrades especialitzades en la Uni\u00f3 Europea i la import\u00e0ncia dels programes enfocats a la inf\u00e0ncia i la joventut.<\/p>\n<p class=\"p2\">Durant l\u2019any 2023 s\u2019han realitzat un total de 6 xerrades als i les alumnes de l\u2019Institut de Masquefa. Aquestes trobades han servit per explicar les institucions de la Uni\u00f3 Europea aix\u00ed com els programes associats a la mobilitat i que faciliten la formaci\u00f3 i els estudis en pa\u00efsos europeus. Va centrar el focus en el programa <b>Erasmus +<\/b>, que ja han realitzat m\u00e9s de 10 milions d\u2019estudiants al llarg de 30 anys, i que ofereix la possibilitat de realitzar la formaci\u00f3 en universitats europees entre tres mesos i un any, i amb un suport econ\u00f2mic al voltant d\u2019uns 330\u20ac\/mensuals.<\/p>\n<p class=\"p3\">Tamb\u00e9 es tracten altres programes de mobilitat europea com<span class=\"Apple-converted-space\"> s\u00f3n e<\/span>l <b>Discover EU<\/b>, el\u00a0<b>Cos Europeu de Solidaritat<\/b>, l\u2019<b>Eures\u00a0<\/b>o diferents programes de pr\u00e0ctiques laborals.<\/p>\n<p class=\"p3\">Amb relaci\u00f3 a la formaci\u00f3 als equips docents dels centres educatius, el programa dona suport a l\u2019Escola Font del Roure<span class=\"Apple-converted-space\">\u00a0<\/span>en el seu objectiu d\u2019esdevenir Escola Ambaixadora del Parlament Europeu.<\/p>\n<p class=\"p3\">L\u2019Ajuntament de Masquefa ofereix tamb\u00e9 orientaci\u00f3 sobre mobilitat europea juvenil als i les joves de Masquefa a trav\u00e9s del Rojo Punt Jove i\u00a0<a href=\"http:\/\/anoiajove.cat\/assessoria-mobilitat-internacional\/\">Anoia Jove<\/a>, el servei comarcal de joventut de l\u2019Anoia.<\/p>\n<p class=\"p3\">Daniel Guti\u00e9rrez, regidor de Visi\u00f3 Europea, explica que\u00a0<b>\u201cMasquefa, Catalunya i Espanya som Europa. Els programes de mobilitat europea juvenil s\u00f3n una gran oportunitat pels nostres joves i el seu futur. Animo als estudiants de batxillerat de Masquefa i les seves fam\u00edlies a plantejar-se una experi\u00e8ncia vital \u00fanica i fer-la realitat. El futur est\u00e0 a les vostres mans!\u201d<\/b>.<\/p>\n<p class=\"p3\">El programa \u2018Masquefa amb visi\u00f3 europea\u2019 est\u00e0 organitzat per l\u2019Ajuntament de Masquefa amb el suport de l\u2019\u00c0rea de Relacions Internacionals de Diputaci\u00f3 de Barcelona.<\/p>\n","protected":false},"excerpt":{"rendered":"<p>El programa consta de xerrades sobre Europa i els valors de la Uni\u00f3 Europea als joves de l\u2019ESO i bstxillerat, i tamb\u00e9 forma els equips docents dels centres de prim\u00e0ria i secund\u00e0ria. La regidoria de Visi\u00f3 Europea de l\u2019Ajuntament de Masquefa desenvolupa un programa que porta a les aules dels centres educatius i als seus&hellip;<\/p>\n","protected":false},"author":7,"featured_media":29329,"comment_status":"closed","ping_status":"open","sticky":false,"template":"","format":"standard","meta":[],"categories":[96,1,102],"tags":[],"_links":{"self":[{"href":"https:\/\/masquefa.cat\/noticies\/wp-json\/wp\/v2\/posts\/29328"}],"collection":[{"href":"https:\/\/masquefa.cat\/noticies\/wp-json\/wp\/v2\/posts"}],"about":[{"href":"https:\/\/masquefa.cat\/noticies\/wp-json\/wp\/v2\/types\/post"}],"author":[{"embeddable":true,"href":"https:\/\/masquefa.cat\/noticies\/wp-json\/wp\/v2\/users\/7"}],"replies":[{"embeddable":true,"href":"https:\/\/masquefa.cat\/noticies\/wp-json\/wp\/v2\/comments?post=29328"}],"version-history":[{"count":2,"href":"https:\/\/masquefa.cat\/noticies\/wp-json\/wp\/v2\/posts\/29328\/revisions"}],"predecessor-version":[{"id":29332,"href":"https:\/\/masquefa.cat\/noticies\/wp-json\/wp\/v2\/posts\/29328\/revisions\/29332"}],"wp:featuredmedia":[{"embeddable":true,"href":"https:\/\/masquefa.cat\/noticies\/wp-json\/wp\/v2\/media\/29329"}],"wp:attachment":[{"href":"https:\/\/masquefa.cat\/noticies\/wp-json\/wp\/v2\/media?parent=29328"}],"wp:term":[{"taxonomy":"category","embeddable":true,"href":"https:\/\/masquefa.cat\/noticies\/wp-json\/wp\/v2\/categories?post=29328"},{"taxonomy":"post_tag","embeddable":true,"href":"https:\/\/masquefa.cat\/noticies\/wp-json\/wp\/v2\/tags?post=29328"}],"curies":[{"name":"wp","href":"https:\/\/api.w.org\/{rel}","templated":true}]}}