{"id":29368,"date":"2023-12-15T16:49:27","date_gmt":"2023-12-15T15:49:27","guid":{"rendered":"https:\/\/masquefa.cat\/noticies\/?p=29368"},"modified":"2023-12-15T16:49:41","modified_gmt":"2023-12-15T15:49:41","slug":"el-sector-turistic-de-masquefa-present-a-la-3a-nit-del-turisme-de-lanoia","status":"publish","type":"post","link":"https:\/\/masquefa.cat\/noticies\/el-sector-turistic-de-masquefa-present-a-la-3a-nit-del-turisme-de-lanoia\/","title":{"rendered":"El sector tur\u00edstic de Masquefa, present a la 3a Nit del Turisme de l\u2019Anoia"},"content":{"rendered":"<p class=\"p2\"><b>El CRARC i l\u2019Ajuntament de Masquefa renoven el segell que certifica el comprom\u00eds amb el turisme sostenible i l\u2019Agenda 2030. Ecofriendly House esdev\u00e9 Punt d\u2019Informaci\u00f3 Tur\u00edstica.<\/b><\/p>\n<p class=\"p2\">El dijous 30 de novembre es va celebrar a Veciana la 3a Nit del Turisme de l\u2019Anoia, el punt de trobada anual entre tots els agents tur\u00edstics de la comarca, p\u00fablics i privats. La nit va reunir m\u00e9s de 100 persones en un esdeveniment enfocat a la innovaci\u00f3 tur\u00edstica.<\/p>\n<p class=\"p2\">Durant la celebraci\u00f3 es van fer entrega del conjunt de distintius i certificacions que confirmen les bones pr\u00e0ctiques tur\u00edstiques que desenvolupen els diferents agents tur\u00edstics de la comarca. Entre els protagonistes de la nit, tres agents tur\u00edstics de Masquefa:<\/p>\n<p class=\"p2\"><b>El CRARC<\/b>, que per segon any esdev\u00e9 Punt d\u2019Informaci\u00f3 Tur\u00edstica de l\u2019Anoia (Punt PIT), i tamb\u00e9 per la renovaci\u00f3 del certificat de comprom\u00eds amb el turisme sostenible i responsable \u2018<i>Biosphere<\/i>\u2019. El CRARC \u00e9s el m\u00e0xim exponent tur\u00edstic del municipi i el seu comprom\u00eds pel turisme sostenible se centra en l\u2019\u00fas de productes de proximitat, fomentar la reutilitzaci\u00f3 i el reciclatge i disminuir la petjada de carboni en les seves activitats. M\u00e9s informaci\u00f3 sobre el Certificat Biosphere del CRARC <a href=\"https:\/\/www.biospheresustainable.com\/es\/comunidad\/crarc\/4386\"><span class=\"s1\">aqu\u00ed.<\/span><\/a><\/p>\n<p class=\"p2\"><span class=\"s1\"><a href=\"https:\/\/ecomasquefa.com\/\"><b>Ecofriendly House<\/b><\/a><\/span>, l\u2019habitatge d\u2019\u00fas tur\u00edstic pioner a Masquefa va rebre el certificat de Punt PIT, que l\u2019acredita com a punt d\u2019informaci\u00f3 tur\u00edstica de l\u2019Anoia. Despr\u00e9s d\u2019un any de formaci\u00f3 i coneixement sobre l\u2019activitat tur\u00edstica a la comarca, l\u2019allotjament forma part de la xarxa territorial de punts d\u2019informaci\u00f3 que donen suport a tots els agents tur\u00edstics de la comarca.<\/p>\n<p class=\"p2\"><b>L\u2019Ajuntament de Masquefa<\/b>, per segon any renova el seu comprom\u00eds \u2018Biosphere\u2019 per un turisme sostenible i responsable en el marc de la <a href=\"https:\/\/www.biospheresustainable.com\/ca\/destination\/paisajes-barcelona\/58\"><span class=\"s1\">destinaci\u00f3 \u2018Paisatges de Barcelona\u2019<\/span><\/a>. La renovaci\u00f3 de la certificaci\u00f3 est\u00e0 associada a l\u2019alineament de l\u2019Ajuntament amb l\u2019Agenda 2030 i <a href=\"https:\/\/masquefa.cat\/serveis-territorials\/agendaurbana2030\/\"><span class=\"s1\">l\u2019Agenda Urbana de Masquefa<\/span><\/a>.<\/p>\n<p class=\"p2\">El \u201c<i>Comprom\u00eds per a la Sostenibilitat Biosphere<\/i>\u201d vol estendre la cultura de la sostenibilitat tur\u00edstica a institucions, empreses i serveis tur\u00edstics de les comarques de Barcelona. Es tracta d\u2019un programa desenvolupat per la Diputaci\u00f3 de Barcelona, amb el suport de l&#8217;Institut de Turisme Responsable (ITR), que t\u00e9 com a principal finalitat implementar una gesti\u00f3 m\u00e9s sostenible en tots els agents d&#8217;una destinaci\u00f3 tur\u00edstica.<\/p>\n<p class=\"p2\">El programa PIT t\u00e9 com a objectiu dotar els equipaments tur\u00edstics d\u2019informaci\u00f3 i coneixements dels atractius i l\u2019oferta tur\u00edstica del territori per aquest motiu el programa contempla al llarg de l\u2019any realitzar diferents sessions de formaci\u00f3, visites de coneixement al territori i sessions de treball entre agents amb l\u2019objectiu d\u2019estar preparats per oferir informaci\u00f3 i assessorament de qualitat a turistes i visitants.<\/p>\n<p class=\"p2\">Daniel Guti\u00e9rrez, 1r tinent d\u2019alcaldia i regidor de Promoci\u00f3 del Territori destaca que \u2018Masquefa, tot i ser un dest\u00ed petit en el marc de l\u2019\u00e0rea de Barcelona, est\u00e0 fent una molt bona feina. Els agents tur\u00edstics del municipi s\u2019estan enfocant a la sostenibilitat, la qualitat i el bon servei, un esfor\u00e7 reconegut pels m\u00e9s de 25.000 visitant que rep el municipi i que ens converteixen en el segon municipi de la comarca en reputaci\u00f3 tur\u00edstica on line. La meva enhorabona al CRARC, Ecofriendly House i tamb\u00e9 a l\u2019equip t\u00e8cnic de l\u2019Ajuntament de Masquefa\u2019.<\/p>\n","protected":false},"excerpt":{"rendered":"<p>El CRARC i l\u2019Ajuntament de Masquefa renoven el segell que certifica el comprom\u00eds amb el turisme sostenible i l\u2019Agenda 2030. Ecofriendly House esdev\u00e9 Punt d\u2019Informaci\u00f3 Tur\u00edstica. El dijous 30 de novembre es va celebrar a Veciana la 3a Nit del Turisme de l\u2019Anoia, el punt de trobada anual entre tots els agents tur\u00edstics de la&hellip;<\/p>\n","protected":false},"author":7,"featured_media":29369,"comment_status":"closed","ping_status":"open","sticky":false,"template":"","format":"standard","meta":[],"categories":[96,1,99],"tags":[],"_links":{"self":[{"href":"https:\/\/masquefa.cat\/noticies\/wp-json\/wp\/v2\/posts\/29368"}],"collection":[{"href":"https:\/\/masquefa.cat\/noticies\/wp-json\/wp\/v2\/posts"}],"about":[{"href":"https:\/\/masquefa.cat\/noticies\/wp-json\/wp\/v2\/types\/post"}],"author":[{"embeddable":true,"href":"https:\/\/masquefa.cat\/noticies\/wp-json\/wp\/v2\/users\/7"}],"replies":[{"embeddable":true,"href":"https:\/\/masquefa.cat\/noticies\/wp-json\/wp\/v2\/comments?post=29368"}],"version-history":[{"count":2,"href":"https:\/\/masquefa.cat\/noticies\/wp-json\/wp\/v2\/posts\/29368\/revisions"}],"predecessor-version":[{"id":29371,"href":"https:\/\/masquefa.cat\/noticies\/wp-json\/wp\/v2\/posts\/29368\/revisions\/29371"}],"wp:featuredmedia":[{"embeddable":true,"href":"https:\/\/masquefa.cat\/noticies\/wp-json\/wp\/v2\/media\/29369"}],"wp:attachment":[{"href":"https:\/\/masquefa.cat\/noticies\/wp-json\/wp\/v2\/media?parent=29368"}],"wp:term":[{"taxonomy":"category","embeddable":true,"href":"https:\/\/masquefa.cat\/noticies\/wp-json\/wp\/v2\/categories?post=29368"},{"taxonomy":"post_tag","embeddable":true,"href":"https:\/\/masquefa.cat\/noticies\/wp-json\/wp\/v2\/tags?post=29368"}],"curies":[{"name":"wp","href":"https:\/\/api.w.org\/{rel}","templated":true}]}}