{"id":29375,"date":"2023-12-18T12:27:15","date_gmt":"2023-12-18T11:27:15","guid":{"rendered":"https:\/\/masquefa.cat\/noticies\/?p=29375"},"modified":"2023-12-19T16:36:00","modified_gmt":"2023-12-19T15:36:00","slug":"masquefa-reforca-la-seguretat-policial-durant-la-campanya-de-nadal","status":"publish","type":"post","link":"https:\/\/masquefa.cat\/noticies\/masquefa-reforca-la-seguretat-policial-durant-la-campanya-de-nadal\/","title":{"rendered":"Masquefa refor\u00e7a la seguretat policial durant la campanya de Nadal"},"content":{"rendered":"<p class=\"p3\"><b>S\u2019incrementa la pres\u00e8ncia policial als eixos comercials per assegurar un ambient m\u00e9s segur per als comerciants i clients.<\/b><\/p>\n<p class=\"p5\">La Policia Local de Masquefa ha posat en marxa una operativa per garantir la seguretat dels comerciants i prevenir actes delictius durant les festes de Nadal. Es tracta de la campanya Comer\u00e7 Segur, que es desenvolupar\u00e0 des del 20 de desembre fins al 5 de gener amb l&#8217;objectiu d\u2019intensificar la pres\u00e8ncia policial en les zones de m\u00e9s aflu\u00e8ncia i informar els comerciants sobre les mesures de seguretat durant les Festes, quan s\u2019intensifiquen les compres i els delictes.<\/p>\n<p class=\"p3\"><b>Sergi Fabregat<\/b><span class=\"s1\">, regidor de Seguretat i Civisme, explica al respecte<\/span><span class=\"s2\">: <\/span><span class=\"s3\"><b>\u201cEs tracta d\u2019una campanya policial que es duu a terme a Masquefa, arreu del territori catal\u00e0 rep altres noms aix\u00ed com dates i caracter\u00edstiques. La prioritat \u00e9s prevenir furts, robatoris i estafes durant aquests dies, en els quals l\u2019activitat comercial creix notablement. A Masquefa, posarem el focus en els eixos comercials, que \u00e9s on es concentra la major part d\u2019establiments comercials i un major flux de persones que compren i passegen\u201d.<\/b><\/span><b><span class=\"Apple-converted-space\">\u00a0<\/span><\/b><\/p>\n<p class=\"p5\">En aquest sentit, durant aquest per\u00edode, agents de la Policia Local dedicaran temps a cada establiment comercial per explicar les precaucions i distribuiran un fullet\u00f3 amb consells de seguretat. Tamb\u00e9 s&#8217;incrementaran els patrullatges a peu als eixos comercials, especialment en els horaris d&#8217;obertura i tancament dels establiments, per assegurar un ambient m\u00e9s segur per als comerciants i clients.<\/p>\n<p class=\"p3\"><b>Recomanacions pr\u00e0ctiques<\/b><\/p>\n<p class=\"p5\">La campanya informativa inclou consells pr\u00e0ctics per als comerciants a fi de minimitzar el risc d&#8217;actes delictius, com ara vigilar les persones desconegudes, estar alerta durant els moments d&#8217;obertura i tancament, i desconfiar d&#8217;entrades massives de grups coordinats.<\/p>\n<p class=\"p5\">Els consells tamb\u00e9 se centren en la seguretat dels pagaments, amb suggeriments espec\u00edfics per a les targetes de cr\u00e8dit i la detecci\u00f3 de bitllets falsos. \u00c9s recomanable que els comerciants sol\u00b7licitin sempre el DNI del titular de la targeta de cr\u00e8dit, que evitin tenir molt d\u2019efectiu a la caixa o a sobre fent ingressos peri\u00f2dics al banc o disposant d\u2019una caixa forta de bitllets en un lloc amagat, i que instal\u00b7lin mesures de seguretat com c\u00e0meres de videovigil\u00e0ncia que gravin amb marca d\u2019aigua per afegir la m\u00e0xima veracitat a la informaci\u00f3.<span class=\"Apple-converted-space\">\u00a0<\/span><\/p>\n<p class=\"p5\">La Policia Local destaca la import\u00e0ncia de la col\u00b7laboraci\u00f3 ciutadana en la prevenci\u00f3 i resoluci\u00f3 de delictes. En cas de ser v\u00edctimes o testimonis d&#8217;un acte delictiu, es demana als ciutadans trucar immediatament a la Policia Local de Masquefa al 93 772 60 25 o al Centre d<span class=\"s4\">\u2019<\/span>Emerg\u00e8ncies de Catalunya, al 112.<\/p>\n<p class=\"p5\">La campanya tamb\u00e9 recorda als comerciants que, en cas de patir un fet delictiu, \u00e9s essencial no tocar res i alertar de seguida a la policia.<span class=\"Apple-converted-space\">\u00a0<\/span><\/p>\n","protected":false},"excerpt":{"rendered":"<p>S\u2019incrementa la pres\u00e8ncia policial als eixos comercials per assegurar un ambient m\u00e9s segur per als comerciants i clients. La Policia Local de Masquefa ha posat en marxa una operativa per garantir la seguretat dels comerciants i prevenir actes delictius durant les festes de Nadal. Es tracta de la campanya Comer\u00e7 Segur, que es desenvolupar\u00e0 des&hellip;<\/p>\n","protected":false},"author":7,"featured_media":29385,"comment_status":"closed","ping_status":"open","sticky":false,"template":"","format":"standard","meta":[],"categories":[96,104,1,69],"tags":[],"_links":{"self":[{"href":"https:\/\/masquefa.cat\/noticies\/wp-json\/wp\/v2\/posts\/29375"}],"collection":[{"href":"https:\/\/masquefa.cat\/noticies\/wp-json\/wp\/v2\/posts"}],"about":[{"href":"https:\/\/masquefa.cat\/noticies\/wp-json\/wp\/v2\/types\/post"}],"author":[{"embeddable":true,"href":"https:\/\/masquefa.cat\/noticies\/wp-json\/wp\/v2\/users\/7"}],"replies":[{"embeddable":true,"href":"https:\/\/masquefa.cat\/noticies\/wp-json\/wp\/v2\/comments?post=29375"}],"version-history":[{"count":1,"href":"https:\/\/masquefa.cat\/noticies\/wp-json\/wp\/v2\/posts\/29375\/revisions"}],"predecessor-version":[{"id":29376,"href":"https:\/\/masquefa.cat\/noticies\/wp-json\/wp\/v2\/posts\/29375\/revisions\/29376"}],"wp:featuredmedia":[{"embeddable":true,"href":"https:\/\/masquefa.cat\/noticies\/wp-json\/wp\/v2\/media\/29385"}],"wp:attachment":[{"href":"https:\/\/masquefa.cat\/noticies\/wp-json\/wp\/v2\/media?parent=29375"}],"wp:term":[{"taxonomy":"category","embeddable":true,"href":"https:\/\/masquefa.cat\/noticies\/wp-json\/wp\/v2\/categories?post=29375"},{"taxonomy":"post_tag","embeddable":true,"href":"https:\/\/masquefa.cat\/noticies\/wp-json\/wp\/v2\/tags?post=29375"}],"curies":[{"name":"wp","href":"https:\/\/api.w.org\/{rel}","templated":true}]}}