{"id":29474,"date":"2024-01-18T10:36:28","date_gmt":"2024-01-18T09:36:28","guid":{"rendered":"https:\/\/masquefa.cat\/noticies\/?p=29474"},"modified":"2024-01-18T10:36:28","modified_gmt":"2024-01-18T09:36:28","slug":"nova-zona-destacionament-al-centre-de-masquefa","status":"publish","type":"post","link":"https:\/\/masquefa.cat\/noticies\/nova-zona-destacionament-al-centre-de-masquefa\/","title":{"rendered":"Nova zona d&#8217;estacionament al centre de Masquefa"},"content":{"rendered":"<p>Entra en funcionament una nova zona d&#8217;estacionament per a vehicles al centre de Masquefa. Aquest nou espai, amb capacitat per a 14 places, est\u00e0 ubicat a la cantonada dels carrers Xic de l&#8217;Any\u00e9 i Garb\u00ed, just entre els eixos comercials del carrer Major i l&#8217;avinguda Catalunya. Aquest nou espai d&#8217;estacionament \u00e9s fruit d&#8217;un conveni entre la propietat del solar i l&#8217;Ajuntament.<\/p>\n","protected":false},"excerpt":{"rendered":"<p>Entra en funcionament una nova zona d&#8217;estacionament per a vehicles al centre de Masquefa. Aquest nou espai, amb capacitat per a 14 places, est\u00e0 ubicat a la cantonada dels carrers Xic de l&#8217;Any\u00e9 i Garb\u00ed, just entre els eixos comercials del carrer Major i l&#8217;avinguda Catalunya. Aquest nou espai d&#8217;estacionament \u00e9s fruit d&#8217;un conveni entre&hellip;<\/p>\n","protected":false},"author":7,"featured_media":29476,"comment_status":"closed","ping_status":"open","sticky":false,"template":"","format":"standard","meta":[],"categories":[96,1,73],"tags":[],"_links":{"self":[{"href":"https:\/\/masquefa.cat\/noticies\/wp-json\/wp\/v2\/posts\/29474"}],"collection":[{"href":"https:\/\/masquefa.cat\/noticies\/wp-json\/wp\/v2\/posts"}],"about":[{"href":"https:\/\/masquefa.cat\/noticies\/wp-json\/wp\/v2\/types\/post"}],"author":[{"embeddable":true,"href":"https:\/\/masquefa.cat\/noticies\/wp-json\/wp\/v2\/users\/7"}],"replies":[{"embeddable":true,"href":"https:\/\/masquefa.cat\/noticies\/wp-json\/wp\/v2\/comments?post=29474"}],"version-history":[{"count":1,"href":"https:\/\/masquefa.cat\/noticies\/wp-json\/wp\/v2\/posts\/29474\/revisions"}],"predecessor-version":[{"id":29475,"href":"https:\/\/masquefa.cat\/noticies\/wp-json\/wp\/v2\/posts\/29474\/revisions\/29475"}],"wp:featuredmedia":[{"embeddable":true,"href":"https:\/\/masquefa.cat\/noticies\/wp-json\/wp\/v2\/media\/29476"}],"wp:attachment":[{"href":"https:\/\/masquefa.cat\/noticies\/wp-json\/wp\/v2\/media?parent=29474"}],"wp:term":[{"taxonomy":"category","embeddable":true,"href":"https:\/\/masquefa.cat\/noticies\/wp-json\/wp\/v2\/categories?post=29474"},{"taxonomy":"post_tag","embeddable":true,"href":"https:\/\/masquefa.cat\/noticies\/wp-json\/wp\/v2\/tags?post=29474"}],"curies":[{"name":"wp","href":"https:\/\/api.w.org\/{rel}","templated":true}]}}