{"id":29561,"date":"2024-02-18T12:21:33","date_gmt":"2024-02-18T11:21:33","guid":{"rendered":"https:\/\/masquefa.cat\/noticies\/?p=29561"},"modified":"2024-02-20T13:22:50","modified_gmt":"2024-02-20T12:22:50","slug":"es-declaren-nou-treballadors-com-a-personal-laboral-fix","status":"publish","type":"post","link":"https:\/\/masquefa.cat\/noticies\/es-declaren-nou-treballadors-com-a-personal-laboral-fix\/","title":{"rendered":"Es declaren nou treballadors com a personal laboral fix"},"content":{"rendered":"<p align=\"justify\"><span style=\"font-family: Cambria, serif\"><span style=\"font-size: small\"><b><img decoding=\"async\" loading=\"lazy\" class=\"aligncenter wp-image-29563\" src=\"https:\/\/ajmasquefa-multimedia-wp.s3.eu-central-1.amazonaws.com\/wp-content\/uploads\/sites\/22\/2024\/02\/06122030\/NousTreballadorsMasquefa-1024x768.jpeg\" alt=\"\" width=\"800\" height=\"600\" srcset=\"https:\/\/ajmasquefa-multimedia-wp.s3.eu-central-1.amazonaws.com\/wp-content\/uploads\/sites\/22\/2024\/02\/06122030\/NousTreballadorsMasquefa-1024x768.jpeg 1024w, https:\/\/ajmasquefa-multimedia-wp.s3.eu-central-1.amazonaws.com\/wp-content\/uploads\/sites\/22\/2024\/02\/06122030\/NousTreballadorsMasquefa-300x225.jpeg 300w, https:\/\/ajmasquefa-multimedia-wp.s3.eu-central-1.amazonaws.com\/wp-content\/uploads\/sites\/22\/2024\/02\/06122030\/NousTreballadorsMasquefa-768x576.jpeg 768w, https:\/\/ajmasquefa-multimedia-wp.s3.eu-central-1.amazonaws.com\/wp-content\/uploads\/sites\/22\/2024\/02\/06122030\/NousTreballadorsMasquefa-1536x1152.jpeg 1536w, https:\/\/ajmasquefa-multimedia-wp.s3.eu-central-1.amazonaws.com\/wp-content\/uploads\/sites\/22\/2024\/02\/06122030\/NousTreballadorsMasquefa-1320x990.jpeg 1320w, https:\/\/ajmasquefa-multimedia-wp.s3.eu-central-1.amazonaws.com\/wp-content\/uploads\/sites\/22\/2024\/02\/06122030\/NousTreballadorsMasquefa.jpeg 2048w\" sizes=\"(max-width: 800px) 100vw, 800px\" \/>El nomenament es fa a efectes de l&#8217;1 de febrer de 2024.<\/b><\/span><\/span><\/p>\n<p align=\"justify\"><span style=\"font-family: Cambria, serif\"><span style=\"font-size: small\">L\u2019Ajuntament de Masquefa ha declarat Dar\u00edo Mu\u00f1oz, Francesc Subirana, Marta Cotado, Elena Salinas, Marisol Oca\u00f1a, Manuel L\u00f3pez, Francisca Garrido, Rosario Barrera i Oscar Garc\u00eda com a personal laboral fix del consistori. <\/span><\/span><\/p>\n<p align=\"justify\"><span style=\"font-family: Cambria, serif\"><span style=\"font-size: small\">La declaraci\u00f3 s\u2019ha dut a terme en el marc del proc\u00e9s d\u2019estabilitzaci\u00f3 de l\u2019ocupaci\u00f3 temporal 2022-2024, entre les quals estan incloses les seg\u00fcents places:<\/span><\/span><\/p>\n<p align=\"justify\"><span style=\"font-family: Cambria, serif\"><span style=\"font-size: small\">&#8211; Dar\u00edo Mu\u00f1oz, declarat personal laboral fix, com a t\u00e8cnic auxiliar de serveis personals.<\/span><\/span><\/p>\n<p align=\"justify\"><span style=\"font-family: Cambria, serif\"><span style=\"font-size: small\">&#8211; Francesc Subirana, declarat personal laboral fix, com a conserge d&#8217;escoles.<\/span><\/span><\/p>\n<p align=\"justify\"><span style=\"font-family: Cambria, serif\"><span style=\"font-size: small\">&#8211; Marta Cotado, declarada personal laboral fix, com a auxiliar administrativa.<\/span><\/span><\/p>\n<p align=\"justify\"><span style=\"font-family: Cambria, serif\"><span style=\"font-size: small\">&#8211; Elena Salinas, declarada personal laboral fix, com a auxiliar administrativa.<\/span><\/span><\/p>\n<p align=\"justify\"><span style=\"font-family: Cambria, serif\"><span style=\"font-size: small\">&#8211; Marisol Oca\u00f1a, declarada personal laboral fix, com a conserge del Casal d&#8217;Avis.<\/span><\/span><\/p>\n<p align=\"justify\"><span style=\"font-family: Cambria, serif\"><span style=\"font-size: small\">&#8211; <\/span><\/span><span style=\"font-family: Cambria, serif\"><span style=\"font-size: small\">Francisco <\/span><\/span><span style=\"font-family: Cambria, serif\"><span style=\"font-size: small\">Manuel L\u00f3pez, declarat personal laboral fix, com a operari de la brigada d&#8217;obres i serveis.<\/span><\/span><\/p>\n<p align=\"justify\"><span style=\"font-family: Cambria, serif\"><span style=\"font-size: small\">&#8211; Francisca Garrido, declarada personal laboral fix, com a oper\u00e0ria de la brigada d&#8217;obres i serveis.<\/span><\/span><\/p>\n<p align=\"justify\"><span style=\"font-family: Cambria, serif\"><span style=\"font-size: small\">&#8211; Rosario Barrera, declarada personal laboral fix, com a oper\u00e0ria de la brigada d&#8217;obres i serveis.<\/span><\/span><\/p>\n<p align=\"justify\"><span style=\"font-family: Cambria, serif\"><span style=\"font-size: small\">&#8211; Oscar Garc\u00eda, declarat personal laboral fix, com a operari de la brigada d&#8217;obres i serveis.<\/span><\/span><\/p>\n","protected":false},"excerpt":{"rendered":"<p>El nomenament es fa a efectes de l&#8217;1 de febrer de 2024. L\u2019Ajuntament de Masquefa ha declarat Dar\u00edo Mu\u00f1oz, Francesc Subirana, Marta Cotado, Elena Salinas, Marisol Oca\u00f1a, Manuel L\u00f3pez, Francisca Garrido, Rosario Barrera i Oscar Garc\u00eda com a personal laboral fix del consistori. La declaraci\u00f3 s\u2019ha dut a terme en el marc del proc\u00e9s d\u2019estabilitzaci\u00f3&hellip;<\/p>\n","protected":false},"author":7,"featured_media":29562,"comment_status":"closed","ping_status":"closed","sticky":false,"template":"","format":"standard","meta":[],"categories":[95],"tags":[],"_links":{"self":[{"href":"https:\/\/masquefa.cat\/noticies\/wp-json\/wp\/v2\/posts\/29561"}],"collection":[{"href":"https:\/\/masquefa.cat\/noticies\/wp-json\/wp\/v2\/posts"}],"about":[{"href":"https:\/\/masquefa.cat\/noticies\/wp-json\/wp\/v2\/types\/post"}],"author":[{"embeddable":true,"href":"https:\/\/masquefa.cat\/noticies\/wp-json\/wp\/v2\/users\/7"}],"replies":[{"embeddable":true,"href":"https:\/\/masquefa.cat\/noticies\/wp-json\/wp\/v2\/comments?post=29561"}],"version-history":[{"count":2,"href":"https:\/\/masquefa.cat\/noticies\/wp-json\/wp\/v2\/posts\/29561\/revisions"}],"predecessor-version":[{"id":29609,"href":"https:\/\/masquefa.cat\/noticies\/wp-json\/wp\/v2\/posts\/29561\/revisions\/29609"}],"wp:featuredmedia":[{"embeddable":true,"href":"https:\/\/masquefa.cat\/noticies\/wp-json\/wp\/v2\/media\/29562"}],"wp:attachment":[{"href":"https:\/\/masquefa.cat\/noticies\/wp-json\/wp\/v2\/media?parent=29561"}],"wp:term":[{"taxonomy":"category","embeddable":true,"href":"https:\/\/masquefa.cat\/noticies\/wp-json\/wp\/v2\/categories?post=29561"},{"taxonomy":"post_tag","embeddable":true,"href":"https:\/\/masquefa.cat\/noticies\/wp-json\/wp\/v2\/tags?post=29561"}],"curies":[{"name":"wp","href":"https:\/\/api.w.org\/{rel}","templated":true}]}}