{"id":30106,"date":"2024-06-03T16:27:15","date_gmt":"2024-06-03T14:27:15","guid":{"rendered":"https:\/\/masquefa.cat\/noticies\/?p=30106"},"modified":"2024-06-03T16:27:15","modified_gmt":"2024-06-03T14:27:15","slug":"servei-dautobus-municipal-per-a-les-eleccions-del-9-de-juny","status":"publish","type":"post","link":"https:\/\/masquefa.cat\/noticies\/servei-dautobus-municipal-per-a-les-eleccions-del-9-de-juny\/","title":{"rendered":"Servei d\u2019autob\u00fas municipal per a les eleccions del 9 de juny"},"content":{"rendered":"<p><strong>El servei \u00e9s gratu\u00eft i es prestar\u00e0 en horari de mat\u00ed i de tarda.<\/strong><\/p>\n<p>Diumenge <strong>9 de juny <\/strong>se celebraran les\u00a0<strong>Eleccions al Parlament Europeu 2024<\/strong>. I amb motiu d\u2019aquesta convocat\u00f2ria electoral l\u2019Ajuntament de Masquefa posar\u00e0 a disposici\u00f3 de tots aquells ve\u00efns que ho requereixin un servei d\u2019autob\u00fas per a poder despla\u00e7ar-se als diferents punts de votaci\u00f3.<\/p>\n<p>El servei \u00e9s municipal i gratu\u00eft i es prestar\u00e0 en horari de mat\u00ed i de tarda.<\/p>\n","protected":false},"excerpt":{"rendered":"<p>El servei \u00e9s gratu\u00eft i es prestar\u00e0 en horari de mat\u00ed i de tarda. Diumenge 9 de juny se celebraran les\u00a0Eleccions al Parlament Europeu 2024. I amb motiu d\u2019aquesta convocat\u00f2ria electoral l\u2019Ajuntament de Masquefa posar\u00e0 a disposici\u00f3 de tots aquells ve\u00efns que ho requereixin un servei d\u2019autob\u00fas per a poder despla\u00e7ar-se als diferents punts de&hellip;<\/p>\n","protected":false},"author":7,"featured_media":30107,"comment_status":"closed","ping_status":"closed","sticky":false,"template":"","format":"standard","meta":[],"categories":[96,1,66],"tags":[],"_links":{"self":[{"href":"https:\/\/masquefa.cat\/noticies\/wp-json\/wp\/v2\/posts\/30106"}],"collection":[{"href":"https:\/\/masquefa.cat\/noticies\/wp-json\/wp\/v2\/posts"}],"about":[{"href":"https:\/\/masquefa.cat\/noticies\/wp-json\/wp\/v2\/types\/post"}],"author":[{"embeddable":true,"href":"https:\/\/masquefa.cat\/noticies\/wp-json\/wp\/v2\/users\/7"}],"replies":[{"embeddable":true,"href":"https:\/\/masquefa.cat\/noticies\/wp-json\/wp\/v2\/comments?post=30106"}],"version-history":[{"count":1,"href":"https:\/\/masquefa.cat\/noticies\/wp-json\/wp\/v2\/posts\/30106\/revisions"}],"predecessor-version":[{"id":30108,"href":"https:\/\/masquefa.cat\/noticies\/wp-json\/wp\/v2\/posts\/30106\/revisions\/30108"}],"wp:featuredmedia":[{"embeddable":true,"href":"https:\/\/masquefa.cat\/noticies\/wp-json\/wp\/v2\/media\/30107"}],"wp:attachment":[{"href":"https:\/\/masquefa.cat\/noticies\/wp-json\/wp\/v2\/media?parent=30106"}],"wp:term":[{"taxonomy":"category","embeddable":true,"href":"https:\/\/masquefa.cat\/noticies\/wp-json\/wp\/v2\/categories?post=30106"},{"taxonomy":"post_tag","embeddable":true,"href":"https:\/\/masquefa.cat\/noticies\/wp-json\/wp\/v2\/tags?post=30106"}],"curies":[{"name":"wp","href":"https:\/\/api.w.org\/{rel}","templated":true}]}}