{"id":30116,"date":"2024-06-06T10:55:06","date_gmt":"2024-06-06T08:55:06","guid":{"rendered":"https:\/\/masquefa.cat\/noticies\/?p=30116"},"modified":"2024-06-06T10:55:06","modified_gmt":"2024-06-06T08:55:06","slug":"radio-masquefa-tv-incorpora-un-estudiant-en-practiques","status":"publish","type":"post","link":"https:\/\/masquefa.cat\/noticies\/radio-masquefa-tv-incorpora-un-estudiant-en-practiques\/","title":{"rendered":"R\u00e0dio Masquefa TV incorpora un estudiant en pr\u00e0ctiques"},"content":{"rendered":"<p class=\"p3\"><b>Les institucions p\u00fabliques masquefines estan compromeses amb la formaci\u00f3 de les persones joves.<\/b><\/p>\n<p class=\"p5\">Eric Gracia de la Rubia, alumne de l&#8217;Institut Mare de D\u00e9u de la Merc\u00e8 (Barcelona), est\u00e0 fent pr\u00e0ctiques formatives a R\u00e0dio Masquefa TV, com a part del seu curs en Imatge i So. Les pr\u00e0ctiques s\u00f3n fins al 29 de juliol i es reprendran al setembre fins a completar les 383 hores que contempla el seu pla formatiu.<\/p>\n<p class=\"p5\">Durant les seves pr\u00e0ctiques, est\u00e0 adquirint experi\u00e8ncia en diverses tasques relacionades amb la producci\u00f3 audiovisual i la sonoritzaci\u00f3. Treballa amb el director de l\u2019emissora, el Dario Muhi, i participa en muntatges audiovisuals i ajudant en la sonoritzaci\u00f3 d&#8217;actes interiors, com els Plens Municipals i informatius tant per a r\u00e0dio com per a televisi\u00f3. Tamb\u00e9 col\u00b7labora en la sonoritzaci\u00f3 d&#8217;actes a l&#8217;exterior, com esdeveniments culturals i art\u00edstics, aix\u00ed com programes exteriors de R\u00e0dio Masquefa TV.<\/p>\n<p class=\"p5\">L&#8217;Ajuntament de Masquefa, com a instituci\u00f3 formadora, aix\u00ed com la resta d\u2019equipaments municipals, juguen un paper clau en la capacitaci\u00f3 i desenvolupament professional dels joves del municipi i la rodalia. Amb iniciatives com aquesta, el consistori es compromet amb la formaci\u00f3 i el futur dels seus ciutadans m\u00e9s joves, oferint-los oportunitats per aplicar els seus coneixements acad\u00e8mics en entorns professionals.<\/p>\n","protected":false},"excerpt":{"rendered":"<p>Les institucions p\u00fabliques masquefines estan compromeses amb la formaci\u00f3 de les persones joves. Eric Gracia de la Rubia, alumne de l&#8217;Institut Mare de D\u00e9u de la Merc\u00e8 (Barcelona), est\u00e0 fent pr\u00e0ctiques formatives a R\u00e0dio Masquefa TV, com a part del seu curs en Imatge i So. Les pr\u00e0ctiques s\u00f3n fins al 29 de juliol i&hellip;<\/p>\n","protected":false},"author":7,"featured_media":30117,"comment_status":"closed","ping_status":"closed","sticky":false,"template":"","format":"standard","meta":[],"categories":[96,95,107],"tags":[],"_links":{"self":[{"href":"https:\/\/masquefa.cat\/noticies\/wp-json\/wp\/v2\/posts\/30116"}],"collection":[{"href":"https:\/\/masquefa.cat\/noticies\/wp-json\/wp\/v2\/posts"}],"about":[{"href":"https:\/\/masquefa.cat\/noticies\/wp-json\/wp\/v2\/types\/post"}],"author":[{"embeddable":true,"href":"https:\/\/masquefa.cat\/noticies\/wp-json\/wp\/v2\/users\/7"}],"replies":[{"embeddable":true,"href":"https:\/\/masquefa.cat\/noticies\/wp-json\/wp\/v2\/comments?post=30116"}],"version-history":[{"count":1,"href":"https:\/\/masquefa.cat\/noticies\/wp-json\/wp\/v2\/posts\/30116\/revisions"}],"predecessor-version":[{"id":30118,"href":"https:\/\/masquefa.cat\/noticies\/wp-json\/wp\/v2\/posts\/30116\/revisions\/30118"}],"wp:featuredmedia":[{"embeddable":true,"href":"https:\/\/masquefa.cat\/noticies\/wp-json\/wp\/v2\/media\/30117"}],"wp:attachment":[{"href":"https:\/\/masquefa.cat\/noticies\/wp-json\/wp\/v2\/media?parent=30116"}],"wp:term":[{"taxonomy":"category","embeddable":true,"href":"https:\/\/masquefa.cat\/noticies\/wp-json\/wp\/v2\/categories?post=30116"},{"taxonomy":"post_tag","embeddable":true,"href":"https:\/\/masquefa.cat\/noticies\/wp-json\/wp\/v2\/tags?post=30116"}],"curies":[{"name":"wp","href":"https:\/\/api.w.org\/{rel}","templated":true}]}}