{"id":30153,"date":"2024-06-18T10:46:39","date_gmt":"2024-06-18T08:46:39","guid":{"rendered":"https:\/\/masquefa.cat\/noticies\/?p=30153"},"modified":"2024-06-18T10:46:39","modified_gmt":"2024-06-18T08:46:39","slug":"20-de-juny-ple-municipal-ordinari-de-lajuntament","status":"publish","type":"post","link":"https:\/\/masquefa.cat\/noticies\/20-de-juny-ple-municipal-ordinari-de-lajuntament\/","title":{"rendered":"20 de juny: Ple municipal ordinari de l&#8217;Ajuntament"},"content":{"rendered":"<p><strong>La sessi\u00f3 tindr\u00e0 lloc a les 18:00 h a la Sala de Plens de l\u2019Ajuntament i \u00e9s oberta al p\u00fablic en general.<\/strong><\/p>\n<p>Dijous,<strong> 20 de juny<\/strong>, l\u2019Ajuntament de Masquefa celebra un Ple municipal ordinari. La sessi\u00f3 tindr\u00e0 lloc a les 18:00 h a la Sala de Plens del consistori i \u00e9s oberta al p\u00fablic en general.<\/p>\n<p>El Ple, a m\u00e9s, tamb\u00e9 es podr\u00e0 seguir\u00a0en directe a trav\u00e9s del\u00a0<a href=\"https:\/\/www.youtube.com\/@AJUNTAMENTMASQUEFA\/about\" target=\"_blank\" rel=\"noopener\">canal de YouTube de l\u2019Ajuntament de Masquefa<\/a>.<\/p>\n<p>Consulta l\u2019ordre del dia en aquest\u00a0<a href=\"https:\/\/ajmasquefa-multimedia-wp.s3.eu-central-1.amazonaws.com\/wp-content\/uploads\/sites\/22\/2024\/06\/18104548\/Ordre-del-dia-popular-ple-ord-20_06_2024.pdf\" target=\"_blank\" rel=\"noopener\">enlla\u00e7<\/a>.<\/p>\n<div id=\"essb_displayed_bottom_427998162\" class=\"essb_links essb_displayed_bottom essb_share essb_template_circles-retina essb_tempate_color-circles-outline-retina essb_427998162 essb_links_center print-no\" data-essb-postid=\"30063\" data-essb-position=\"bottom\" data-essb-button-style=\"icon_hover\" data-essb-template=\"circles-retina essb_tempate_color-circles-outline-retina\" data-essb-counter-pos=\"hidden\" data-essb-url=\"https:\/\/masquefa.cat\/noticies\/23-de-maig-ple-ordinari-de-lajuntament-de-masquefa\/\" data-essb-twitter-url=\"https:\/\/masquefa.cat\/noticies\/23-de-maig-ple-ordinari-de-lajuntament-de-masquefa\/\" data-essb-instance=\"427998162\">\n<p>&nbsp;<\/p>\n<\/div>\n","protected":false},"excerpt":{"rendered":"<p>La sessi\u00f3 tindr\u00e0 lloc a les 18:00 h a la Sala de Plens de l\u2019Ajuntament i \u00e9s oberta al p\u00fablic en general. Dijous, 20 de juny, l\u2019Ajuntament de Masquefa celebra un Ple municipal ordinari. La sessi\u00f3 tindr\u00e0 lloc a les 18:00 h a la Sala de Plens del consistori i \u00e9s oberta al p\u00fablic en&hellip;<\/p>\n","protected":false},"author":7,"featured_media":0,"comment_status":"closed","ping_status":"closed","sticky":false,"template":"","format":"standard","meta":[],"categories":[96,1,66],"tags":[],"_links":{"self":[{"href":"https:\/\/masquefa.cat\/noticies\/wp-json\/wp\/v2\/posts\/30153"}],"collection":[{"href":"https:\/\/masquefa.cat\/noticies\/wp-json\/wp\/v2\/posts"}],"about":[{"href":"https:\/\/masquefa.cat\/noticies\/wp-json\/wp\/v2\/types\/post"}],"author":[{"embeddable":true,"href":"https:\/\/masquefa.cat\/noticies\/wp-json\/wp\/v2\/users\/7"}],"replies":[{"embeddable":true,"href":"https:\/\/masquefa.cat\/noticies\/wp-json\/wp\/v2\/comments?post=30153"}],"version-history":[{"count":2,"href":"https:\/\/masquefa.cat\/noticies\/wp-json\/wp\/v2\/posts\/30153\/revisions"}],"predecessor-version":[{"id":30238,"href":"https:\/\/masquefa.cat\/noticies\/wp-json\/wp\/v2\/posts\/30153\/revisions\/30238"}],"wp:attachment":[{"href":"https:\/\/masquefa.cat\/noticies\/wp-json\/wp\/v2\/media?parent=30153"}],"wp:term":[{"taxonomy":"category","embeddable":true,"href":"https:\/\/masquefa.cat\/noticies\/wp-json\/wp\/v2\/categories?post=30153"},{"taxonomy":"post_tag","embeddable":true,"href":"https:\/\/masquefa.cat\/noticies\/wp-json\/wp\/v2\/tags?post=30153"}],"curies":[{"name":"wp","href":"https:\/\/api.w.org\/{rel}","templated":true}]}}