{"id":30197,"date":"2024-07-04T13:25:19","date_gmt":"2024-07-04T11:25:19","guid":{"rendered":"https:\/\/masquefa.cat\/noticies\/?p=30197"},"modified":"2024-07-04T13:25:19","modified_gmt":"2024-07-04T11:25:19","slug":"lajuntament-guardonat-en-la-ix-edicio-dels-reconeixements-administracio-oberta","status":"publish","type":"post","link":"https:\/\/masquefa.cat\/noticies\/lajuntament-guardonat-en-la-ix-edicio-dels-reconeixements-administracio-oberta\/","title":{"rendered":"L\u2019Ajuntament, guardonat en la IX Edici\u00f3 dels Reconeixements Administraci\u00f3 Oberta"},"content":{"rendered":"<p><strong>L&#8217;AOC ha destacat el consistori masquef\u00ed per la seva tasca en transformaci\u00f3 digital i govern obert.<\/strong><\/p>\n<p style=\"font-weight: 400\">El Consorci de l\u2019Administraci\u00f3 Oberta de Catalunya (AOC) ha guardonat, en la IX Edici\u00f3 dels Reconeixements Administraci\u00f3 Oberta \u2013celebrada a Salou, el passat 2 de juliol\u2013, a l&#8217;Ajuntament de Masquefa com un dels deu municipis d&#8217;entre 5.001 i 20.000 habitants que m\u00e9s han destacat en la transformaci\u00f3 digital i el govern obert en la seva relaci\u00f3 amb la ciutadania durant el 2023.<\/p>\n<p style=\"font-weight: 400\">Aquests reconeixements,\u00a0que\u00a0distingeixen set categories d\u2019acord amb el nombre d\u2019habitants i de la naturalesa de l&#8217;ens, s\u2019atorguen d&#8217;acord amb uns indicadors objectius, l\u2019an\u00e0lisi dels webs dels ens i l\u2019\u00fas de determinats serveis de l\u2019AOC. Aix\u00ed, el seu objectiu \u00e9s valorar i recon\u00e8ixer la implantaci\u00f3 i l\u2019\u00fas dels serveis d\u2019administraci\u00f3 electr\u00f2nica i la seva conseq\u00fcent transformaci\u00f3 digital.<\/p>\n<p style=\"font-weight: 400\">L&#8217;alcalde de Masquefa i regidor de Societat Digital, Roger V\u00e0zquez, ha expressat la seva satisfacci\u00f3<strong> \u201cpel reconeixement d&#8217;una instituci\u00f3 referent al pa\u00eds com ho \u00e9s l&#8217;AOC a la feina ben feta a Masquefa en l&#8217;\u00e0mbit de la societat digital i la transpar\u00e8ncia institucional\u201d<\/strong>. I afegeix: <strong>\u201cagraeixo la professionalitat i el comprom\u00eds de tots els treballadors de l&#8217;Ajuntament, ja que aquest guard\u00f3 \u00e9s gr\u00e0cies a la const\u00e0ncia i bona feina de tothom, per un objectiu com\u00fa: fer una administraci\u00f3 m\u00e9s oberta, propera i \u00fatil per als ve\u00efns\u201d<\/strong>.<\/p>\n","protected":false},"excerpt":{"rendered":"<p>L&#8217;AOC ha destacat el consistori masquef\u00ed per la seva tasca en transformaci\u00f3 digital i govern obert. El Consorci de l\u2019Administraci\u00f3 Oberta de Catalunya (AOC) ha guardonat, en la IX Edici\u00f3 dels Reconeixements Administraci\u00f3 Oberta \u2013celebrada a Salou, el passat 2 de juliol\u2013, a l&#8217;Ajuntament de Masquefa com un dels deu municipis d&#8217;entre 5.001 i 20.000&hellip;<\/p>\n","protected":false},"author":7,"featured_media":30198,"comment_status":"closed","ping_status":"closed","sticky":false,"template":"","format":"standard","meta":[],"categories":[96,1],"tags":[],"_links":{"self":[{"href":"https:\/\/masquefa.cat\/noticies\/wp-json\/wp\/v2\/posts\/30197"}],"collection":[{"href":"https:\/\/masquefa.cat\/noticies\/wp-json\/wp\/v2\/posts"}],"about":[{"href":"https:\/\/masquefa.cat\/noticies\/wp-json\/wp\/v2\/types\/post"}],"author":[{"embeddable":true,"href":"https:\/\/masquefa.cat\/noticies\/wp-json\/wp\/v2\/users\/7"}],"replies":[{"embeddable":true,"href":"https:\/\/masquefa.cat\/noticies\/wp-json\/wp\/v2\/comments?post=30197"}],"version-history":[{"count":1,"href":"https:\/\/masquefa.cat\/noticies\/wp-json\/wp\/v2\/posts\/30197\/revisions"}],"predecessor-version":[{"id":30199,"href":"https:\/\/masquefa.cat\/noticies\/wp-json\/wp\/v2\/posts\/30197\/revisions\/30199"}],"wp:featuredmedia":[{"embeddable":true,"href":"https:\/\/masquefa.cat\/noticies\/wp-json\/wp\/v2\/media\/30198"}],"wp:attachment":[{"href":"https:\/\/masquefa.cat\/noticies\/wp-json\/wp\/v2\/media?parent=30197"}],"wp:term":[{"taxonomy":"category","embeddable":true,"href":"https:\/\/masquefa.cat\/noticies\/wp-json\/wp\/v2\/categories?post=30197"},{"taxonomy":"post_tag","embeddable":true,"href":"https:\/\/masquefa.cat\/noticies\/wp-json\/wp\/v2\/tags?post=30197"}],"curies":[{"name":"wp","href":"https:\/\/api.w.org\/{rel}","templated":true}]}}