{"id":30774,"date":"2025-01-03T16:49:15","date_gmt":"2025-01-03T15:49:15","guid":{"rendered":"https:\/\/masquefa.cat\/noticies\/?p=30774"},"modified":"2025-01-03T16:50:38","modified_gmt":"2025-01-03T15:50:38","slug":"masquefa-reforca-la-seguretat-amb-la-installacio-de-vuit-noves-cameres-de-videovigilancia","status":"publish","type":"post","link":"https:\/\/masquefa.cat\/noticies\/masquefa-reforca-la-seguretat-amb-la-installacio-de-vuit-noves-cameres-de-videovigilancia\/","title":{"rendered":"Masquefa refor\u00e7a la seguretat amb la instal\u00b7laci\u00f3 de vuit noves c\u00e0meres de videovigil\u00e0ncia"},"content":{"rendered":"<p><strong>Es tracta d\u2019una acci\u00f3 transversal entre les regidories de Seguretat i civisme, de Societat digital i de Participaci\u00f3 ciutadana per millorar la seguretat a la vila.<\/strong><\/p>\n<p>L\u2019Ajuntament de Masquefa ha culminat la instal\u00b7laci\u00f3 de 8 c\u00e0meres de seguretat en diversos punts estrat\u00e8gics del municipi, un projecte destinat a millorar la seguretat ciutadana i el control de zones pacificades i d\u2019acc\u00e9s restringit. Aquesta iniciativa s\u2019ha impulsat amb la col\u00b7laboraci\u00f3 de les regidories de Seguretat i civisme, de Societat digital i de Participaci\u00f3 ciutadana, i est\u00e0 vinculada amb el disseny del desplegament de c\u00e0meres intel\u00b7ligents que fa mesos que es treballa conjuntament entre l\u2019Ajuntament de Masquefa i la Diputaci\u00f3 de Barcelona.<\/p>\n<p>Les c\u00e0meres instal\u00b7lades inclouen:<br \/>\n\u2022 5 c\u00e0meres lectores de matr\u00edcules situades als barris i a La Beguda, amb l\u2019objectiu de monitoritzar el tr\u00e0nsit rodat que accedeix i surt del municipi i reduir, d\u2019aquesta manera, els fets delictius que es produeixen de tant en tant en alguns indrets.<br \/>\n\u2022 1 c\u00e0mera de control d\u2019acc\u00e9s al carrer Major, a la zona de vianants entre el tram del carrer Xic de l\u2019Any\u00e9 i la pla\u00e7a de la Vila (davant de l\u2019Ajuntament).<br \/>\n\u2022 2 c\u00e0meres de seguretat ciutadana a la zona pacificada del carrer Sant Pere, per garantir la tranquil\u00b7litat ve\u00efnal i per registrar l\u2019estacionament indegut.<\/p>\n<p>El projecte, que t\u00e9 un cost total de 72.687,39 euros, s\u2019ha finan\u00e7at gr\u00e0cies a:<br \/>\n\u2022 50.000 euros procedents d\u2019una de les dues propostes guanyadores dels pressupostos participatius.<br \/>\n\u2022 15.000 euros del projecte Smart Vila, liderat per la regidoria de Societat Digital i cofinan\u00e7at per la Diputaci\u00f3 de Barcelona.<br \/>\n\u2022 7.687,39 euros aportats per la regidoria de Seguretat i civisme.<\/p>\n<p>Aquest sistema integrat de vigil\u00e0ncia refor\u00e7a la seguretat i contribueix a una millor gesti\u00f3 de la mobilitat i del compliment de les normatives municipals, amb eines tecnol\u00f2giques modernes que connecten amb l\u2019estrat\u00e8gia de digitalitzaci\u00f3 de Masquefa. L\u2019alcalde de la vila i regidor de Societat Digital, <strong>Roger V\u00e1zquez<\/strong>, recalca la import\u00e0ncia d\u2019aquest projecte:<strong> \u201cLa instal\u00b7laci\u00f3 d\u2019aquestes c\u00e0meres \u00e9s un exemple clar de com la tecnologia pot millorar la qualitat de vida dels nostres ve\u00efns. Ens ajuda a fer de Masquefa un municipi m\u00e9s segur, modern i connectat. A m\u00e9s, \u00e9s un projecte que reflecteix la implicaci\u00f3 ciutadana, ja que \u00e9s el resultat directe de les aportacions dels pressupostos participatius\u201d.<\/strong><\/p>\n<p>El regidor de Seguretat i Civisme, <strong>Sergi Fabregat<\/strong>, explica com: <strong>\u201cAquestes accions, que se sumen a altres mesures de pacificaci\u00f3 i control de l\u2019espai p\u00fablic, reforcen l\u2019aposta de Masquefa per ser un municipi capdavanter en seguretat al servei de la ciutadania. A m\u00e9s a m\u00e9s, les c\u00e0meres s\u00f3n una eina dissuasiva complement\u00e0ria del servei de proximitat que es presta des de la Policia Local\u201d.<\/strong><\/p>\n","protected":false},"excerpt":{"rendered":"<p>Es tracta d\u2019una acci\u00f3 transversal entre les regidories de Seguretat i civisme, de Societat digital i de Participaci\u00f3 ciutadana per millorar la seguretat a la vila. L\u2019Ajuntament de Masquefa ha culminat la instal\u00b7laci\u00f3 de 8 c\u00e0meres de seguretat en diversos punts estrat\u00e8gics del municipi, un projecte destinat a millorar la seguretat ciutadana i el control&hellip;<\/p>\n","protected":false},"author":7,"featured_media":30775,"comment_status":"closed","ping_status":"closed","sticky":false,"template":"","format":"standard","meta":[],"categories":[96,1,69],"tags":[],"_links":{"self":[{"href":"https:\/\/masquefa.cat\/noticies\/wp-json\/wp\/v2\/posts\/30774"}],"collection":[{"href":"https:\/\/masquefa.cat\/noticies\/wp-json\/wp\/v2\/posts"}],"about":[{"href":"https:\/\/masquefa.cat\/noticies\/wp-json\/wp\/v2\/types\/post"}],"author":[{"embeddable":true,"href":"https:\/\/masquefa.cat\/noticies\/wp-json\/wp\/v2\/users\/7"}],"replies":[{"embeddable":true,"href":"https:\/\/masquefa.cat\/noticies\/wp-json\/wp\/v2\/comments?post=30774"}],"version-history":[{"count":1,"href":"https:\/\/masquefa.cat\/noticies\/wp-json\/wp\/v2\/posts\/30774\/revisions"}],"predecessor-version":[{"id":30776,"href":"https:\/\/masquefa.cat\/noticies\/wp-json\/wp\/v2\/posts\/30774\/revisions\/30776"}],"wp:featuredmedia":[{"embeddable":true,"href":"https:\/\/masquefa.cat\/noticies\/wp-json\/wp\/v2\/media\/30775"}],"wp:attachment":[{"href":"https:\/\/masquefa.cat\/noticies\/wp-json\/wp\/v2\/media?parent=30774"}],"wp:term":[{"taxonomy":"category","embeddable":true,"href":"https:\/\/masquefa.cat\/noticies\/wp-json\/wp\/v2\/categories?post=30774"},{"taxonomy":"post_tag","embeddable":true,"href":"https:\/\/masquefa.cat\/noticies\/wp-json\/wp\/v2\/tags?post=30774"}],"curies":[{"name":"wp","href":"https:\/\/api.w.org\/{rel}","templated":true}]}}