{"id":30864,"date":"2025-02-04T11:26:05","date_gmt":"2025-02-04T10:26:05","guid":{"rendered":"https:\/\/masquefa.cat\/noticies\/?p=30864"},"modified":"2025-02-04T12:16:50","modified_gmt":"2025-02-04T11:16:50","slug":"la-unitat-mobil-dinformacio-al-consumidor-visitara-masquefa-el-24-de-febrer","status":"publish","type":"post","link":"https:\/\/masquefa.cat\/noticies\/la-unitat-mobil-dinformacio-al-consumidor-visitara-masquefa-el-24-de-febrer\/","title":{"rendered":"La Unitat M\u00f2bil d\u2019Informaci\u00f3 al Consumidor visitar\u00e0 Masquefa el 24 de febrer"},"content":{"rendered":"<p>El pr\u00f2xim 24 de febrer de 2025, Masquefa rebr\u00e0 la visita de la Unitat M\u00f2bil d\u2019Informaci\u00f3 al Consumidor, un servei impulsat per la Diputaci\u00f3 de Barcelona que ofereix assessorament i suport en mat\u00e8ria de consum. L\u2019atenci\u00f3 es dur\u00e0 a terme davant del CTC, en horari de 10:30 h a 13:00 h.<\/p>\n<p>Aquest servei, totalment gratu\u00eft i personalitzat, est\u00e0 adre\u00e7at a tots els ve\u00efns i ve\u00efnes que necessitin resoldre dubtes o tramitar consultes, queixes, reclamacions i den\u00fancies relacionades amb l\u2019\u00e0mbit del consum. A m\u00e9s, els ciutadans seran atesos per personal expert en la mat\u00e8ria, que els orientar\u00e0 en qualsevol q\u00fcesti\u00f3 relacionada amb els seus drets com a consumidors.<\/p>\n<p>L\u2019Ajuntament de Masquefa anima tothom a aprofitar aquesta oportunitat per fer valer els seus drets i obtenir la informaci\u00f3 necess\u00e0ria per a una millor gesti\u00f3 de possibles conflictes en mat\u00e8ria de consum.<\/p>\n","protected":false},"excerpt":{"rendered":"<p>El pr\u00f2xim 24 de febrer de 2025, Masquefa rebr\u00e0 la visita de la Unitat M\u00f2bil d\u2019Informaci\u00f3 al Consumidor, un servei impulsat per la Diputaci\u00f3 de Barcelona que ofereix assessorament i suport en mat\u00e8ria de consum. L\u2019atenci\u00f3 es dur\u00e0 a terme davant del CTC, en horari de 10:30 h a 13:00 h. Aquest servei, totalment gratu\u00eft&hellip;<\/p>\n","protected":false},"author":7,"featured_media":30865,"comment_status":"closed","ping_status":"closed","sticky":false,"template":"","format":"standard","meta":[],"categories":[96,1],"tags":[],"_links":{"self":[{"href":"https:\/\/masquefa.cat\/noticies\/wp-json\/wp\/v2\/posts\/30864"}],"collection":[{"href":"https:\/\/masquefa.cat\/noticies\/wp-json\/wp\/v2\/posts"}],"about":[{"href":"https:\/\/masquefa.cat\/noticies\/wp-json\/wp\/v2\/types\/post"}],"author":[{"embeddable":true,"href":"https:\/\/masquefa.cat\/noticies\/wp-json\/wp\/v2\/users\/7"}],"replies":[{"embeddable":true,"href":"https:\/\/masquefa.cat\/noticies\/wp-json\/wp\/v2\/comments?post=30864"}],"version-history":[{"count":1,"href":"https:\/\/masquefa.cat\/noticies\/wp-json\/wp\/v2\/posts\/30864\/revisions"}],"predecessor-version":[{"id":30866,"href":"https:\/\/masquefa.cat\/noticies\/wp-json\/wp\/v2\/posts\/30864\/revisions\/30866"}],"wp:featuredmedia":[{"embeddable":true,"href":"https:\/\/masquefa.cat\/noticies\/wp-json\/wp\/v2\/media\/30865"}],"wp:attachment":[{"href":"https:\/\/masquefa.cat\/noticies\/wp-json\/wp\/v2\/media?parent=30864"}],"wp:term":[{"taxonomy":"category","embeddable":true,"href":"https:\/\/masquefa.cat\/noticies\/wp-json\/wp\/v2\/categories?post=30864"},{"taxonomy":"post_tag","embeddable":true,"href":"https:\/\/masquefa.cat\/noticies\/wp-json\/wp\/v2\/tags?post=30864"}],"curies":[{"name":"wp","href":"https:\/\/api.w.org\/{rel}","templated":true}]}}