{"id":30867,"date":"2025-02-04T12:01:30","date_gmt":"2025-02-04T11:01:30","guid":{"rendered":"https:\/\/masquefa.cat\/noticies\/?p=30867"},"modified":"2025-02-04T12:17:00","modified_gmt":"2025-02-04T11:17:00","slug":"mes-de-3-000-persones-han-utilitzat-els-serveis-del-centre-tecnologic-comunitari-de-masquefa-durant-el-darrer-any","status":"publish","type":"post","link":"https:\/\/masquefa.cat\/noticies\/mes-de-3-000-persones-han-utilitzat-els-serveis-del-centre-tecnologic-comunitari-de-masquefa-durant-el-darrer-any\/","title":{"rendered":"M\u00e9s de 3.000 persones han utilitzat els serveis del Centre Tecnol\u00f2gic Comunitari de Masquefa durant el darrer any"},"content":{"rendered":"<p><strong>L\u2019equipament referma el seu paper com a punt clau per a la formaci\u00f3 i inserci\u00f3 laboral al municipi.<\/strong><\/p>\n<p>El Centre Tecnol\u00f2gic Comunitari (CTC) de Masquefa ha consolidat la seva tasca com a servei essencial per a la formaci\u00f3 i la inserci\u00f3 laboral a la vila. Durant el darrer any, m\u00e9s de 3.000 persones han fet \u00fas del servei de lliure connexi\u00f3 i reprografia, i m\u00e9s de 200 s\u2019han format en cursos de tecnologies de la informaci\u00f3 i la comunicaci\u00f3.<\/p>\n<p>A m\u00e9s, el CTC ha gestionat prop de 300 ex\u00e0mens ACTIC, acreditant la compet\u00e8ncia digital de les persones participants. En l\u2019\u00e0mbit administratiu, s\u2019han em\u00e8s gaireb\u00e9 1.000 certificats digitals, una eina fonamental per a la<br \/>\ngesti\u00f3 de tr\u00e0mits electr\u00f2nics.<\/p>\n<p>En l\u2019\u00e0mbit del Treball, el centre ha realitzat 252 entrevistes ocupacionals i 156 assessoraments personalitzats per a persones en recerca de feina. Tamb\u00e9 s\u2019han dut a terme 23 assessoraments espec\u00edfics per a l\u2019autoempresa, impulsant l\u2019emprenedoria local, i 33 serveis d\u2019informaci\u00f3 a persones emprenedores. Aquests esfor\u00e7os han donat com a resultat la creaci\u00f3 de 10 noves empreses amb el suport del servei d\u2019assessorament per a la creaci\u00f3 d\u2019empreses, 6 de les quals han estat donades d\u2019alta des del Punt d\u2019Atenci\u00f3 a l\u2019Emprenedor (PAE), ubicat al CTC. A m\u00e9s, s\u2019han dut a terme 7 plans d\u2019empresa.<\/p>\n<p>Pel que fa a la intermediaci\u00f3 laboral, s\u2019han gestionat 69 ofertes de feina, amb un balan\u00e7 positiu de 36 llocs de treball coberts i un total de 126 insercions laborals al municipi.<\/p>\n<p>En l\u2019\u00e0mbit formatiu, 50 persones emprenedores i comer\u00e7os han participat en accions formatives organitzades pel centre. Durant el curs 2023-24, 116 alumnes han participat en el projecte de Cultura emprenedora a l&#8217;escola<br \/>\n(CuEmE), creant un total de 5 cooperatives. A m\u00e9s, 21 comer\u00e7os han participat en el projecte de Digitalitzaci\u00f3 del Comer\u00e7 Local.<\/p>\n<p>El regidor responsable del CTC, <strong>Roger V\u00e0zquez,<\/strong> afirma que <strong>\u201caquestes dades reafirmen el CTC com un recurs imprescindible per als masquefins, oferint suport tant en la capacitaci\u00f3 digital com en el proc\u00e9s de recerca de feina i emprenedoria, i tamb\u00e9 de suport al teixit comercial i empresarial\u201d.<\/strong><\/p>\n<p>Per a m\u00e9s informaci\u00f3 sobre els serveis disponibles, es pot consultar el web oficial del centre: <a href=\"http:\/\/ctc.masquefa.net\">ctc.masquefa.net<\/a>.<\/p>\n","protected":false},"excerpt":{"rendered":"<p>L\u2019equipament referma el seu paper com a punt clau per a la formaci\u00f3 i inserci\u00f3 laboral al municipi. El Centre Tecnol\u00f2gic Comunitari (CTC) de Masquefa ha consolidat la seva tasca com a servei essencial per a la formaci\u00f3 i la inserci\u00f3 laboral a la vila. Durant el darrer any, m\u00e9s de 3.000 persones han fet&hellip;<\/p>\n","protected":false},"author":7,"featured_media":30868,"comment_status":"closed","ping_status":"closed","sticky":false,"template":"","format":"standard","meta":[],"categories":[96,1],"tags":[],"_links":{"self":[{"href":"https:\/\/masquefa.cat\/noticies\/wp-json\/wp\/v2\/posts\/30867"}],"collection":[{"href":"https:\/\/masquefa.cat\/noticies\/wp-json\/wp\/v2\/posts"}],"about":[{"href":"https:\/\/masquefa.cat\/noticies\/wp-json\/wp\/v2\/types\/post"}],"author":[{"embeddable":true,"href":"https:\/\/masquefa.cat\/noticies\/wp-json\/wp\/v2\/users\/7"}],"replies":[{"embeddable":true,"href":"https:\/\/masquefa.cat\/noticies\/wp-json\/wp\/v2\/comments?post=30867"}],"version-history":[{"count":3,"href":"https:\/\/masquefa.cat\/noticies\/wp-json\/wp\/v2\/posts\/30867\/revisions"}],"predecessor-version":[{"id":30871,"href":"https:\/\/masquefa.cat\/noticies\/wp-json\/wp\/v2\/posts\/30867\/revisions\/30871"}],"wp:featuredmedia":[{"embeddable":true,"href":"https:\/\/masquefa.cat\/noticies\/wp-json\/wp\/v2\/media\/30868"}],"wp:attachment":[{"href":"https:\/\/masquefa.cat\/noticies\/wp-json\/wp\/v2\/media?parent=30867"}],"wp:term":[{"taxonomy":"category","embeddable":true,"href":"https:\/\/masquefa.cat\/noticies\/wp-json\/wp\/v2\/categories?post=30867"},{"taxonomy":"post_tag","embeddable":true,"href":"https:\/\/masquefa.cat\/noticies\/wp-json\/wp\/v2\/tags?post=30867"}],"curies":[{"name":"wp","href":"https:\/\/api.w.org\/{rel}","templated":true}]}}