{"id":31200,"date":"2025-05-16T11:06:18","date_gmt":"2025-05-16T09:06:18","guid":{"rendered":"https:\/\/masquefa.cat\/noticies\/?p=31200"},"modified":"2025-05-27T16:26:00","modified_gmt":"2025-05-27T14:26:00","slug":"masquefa-impulsa-activitats-per-promoure-la-salut-femenina","status":"publish","type":"post","link":"https:\/\/masquefa.cat\/noticies\/masquefa-impulsa-activitats-per-promoure-la-salut-femenina\/","title":{"rendered":"Masquefa impulsa activitats per promoure la salut femenina"},"content":{"rendered":"<ul>\n<li><b>Xerrades, una caminada i una exposici\u00f3 per conscienciar sobre la prevenci\u00f3 i el benestar de les dones<\/b><\/li>\n<\/ul>\n<p><span style=\"font-weight: 400\">L\u2019Ajuntament de Masquefa ha organitzat un programa d\u2019activitats per commemorar el Dia Internacional d\u2019Acci\u00f3 per la Salut de les Dones, que es dur\u00e0 a terme durant el mes de maig i juny amb propostes adre\u00e7ades a la promoci\u00f3 dels h\u00e0bits saludables, la prevenci\u00f3 de la salut, el benestar emocional i la visibilitat de les dones.\u00a0\u00a0<\/span><\/p>\n<p><span style=\"font-weight: 400\">L&#8217;objectiu\u00a0 d&#8217;aquesta commemoraci\u00f3, que cada any se celebra el 28 de maig, \u00e9s fer difusi\u00f3 de l\u2019estat de salut de les dones, de les seves necessitats i demandes, i del comprom\u00eds de les administracions per donar-hi resposta. Les dones tenen pitjor salut que els homes, tot i tenir una esperan\u00e7a de vida major, i viuen menys anys lliures de malaltia. Els dolors cr\u00f2nics, el reumatisme, l\u2019ansietat i la depressi\u00f3 s\u00f3n problemes amb major incid\u00e8ncia en les dones.<\/span><\/p>\n<p><span style=\"font-weight: 400\">La regidora de Feminismes, igualtat i diversitat, <\/span><b>Olga Codina,<\/b><span style=\"font-weight: 400\"> ha apuntat que per reivindicar la salut femenina l\u2019Ajuntament ha organitzat quatre activitats \u201c<\/span><b>amb el mateix denominador com\u00fa per\u00f2 molt diferents entre elles: una confer\u00e8ncia sobre salut cardiovascular, una entrevista sobre la igualtat en l\u2019\u00e0mbit judicial, una caminada popular, i una exposici\u00f3 sobre dones mediterr\u00e0nies referents\u201d.<\/b><\/p>\n<p><span style=\"font-weight: 400\">Per la seva banda, la regidora de Benestar Social, <\/span><b>Lenny Abreu<\/b><span style=\"font-weight: 400\">, ha destacat la import\u00e0ncia d\u2019aquestes iniciatives: \u201c<\/span><b>A Masquefa impulsem accions que fomentin l\u2019autocura i la prevenci\u00f3<\/b><span style=\"font-weight: 400\">. <\/span><b>Enguany, posem el focus en la salut cardiovascular femenina, un aspecte sovint invisibilitzat, per\u00f2 que afecta moltes dones\u201d.<\/b><\/p>\n<h4><b>Xerrada sobre la salut cardiovascular femenina<\/b><\/h4>\n<p><span style=\"font-weight: 400\">El dimecres 28 de maig, la Biblioteca M. Carme Junyent Figueras acollir\u00e0 la confer\u00e8ncia \u2018La salut cardiovascular en la dona, h\u00e0bits i prevenci\u00f3\u2019, a c\u00e0rrec de la Dra. Montserrat Prados, endocrin\u00f2loga i experta en intel\u00b7lig\u00e8ncia emocional. La sessi\u00f3 comen\u00e7ar\u00e0 a les 17.30 h i tractar\u00e0 sobre els factors de risc cardiovascular cl\u00e0ssics \u2014com la diabetis, l\u2019obesitat o la hipertensi\u00f3\u2014 i com aquests poden afectar especialment les dones.<\/span><\/p>\n<p>&nbsp;<\/p>\n<h4><b>Podcast Masquefines: Dori Jim\u00e9nez<\/b><\/h4>\n<p><span style=\"font-weight: 400\">El mateix 28 de maig, a les 19.30 h, es far\u00e0 el passi del nov\u00e8 cap\u00edtol del podcast <\/span><i><span style=\"font-weight: 400\">Masquefines<\/span><\/i><span style=\"font-weight: 400\">, dedicat a Dori Jim\u00e9nez, magistrada especialitzada en dret laboral i perspectiva de g\u00e8nere. Jim\u00e9nez \u00e9s fundadora de l\u2019Associaci\u00f3 de Dones Jutgesses d\u2019Espanya i en aquest episodi reflexiona sobre la seva traject\u00f2ria i la lluita per la igualtat de drets en l\u2019\u00e0mbit judicial.<\/span><\/p>\n<p>&nbsp;<\/p>\n<h4><b>Caminada pel Dia Internacional d\u2019Acci\u00f3 per la Salut de les Dones<\/b><\/h4>\n<p><span style=\"font-weight: 400\">El dissabte 31 de maig, Masquefa celebrar\u00e0 una caminada popular per fomentar l\u2019activitat f\u00edsica com a eina de prevenci\u00f3 i benestar. La ruta, de 8 quil\u00f2metres, recorrer\u00e0 Can Cairot i entorn, i tindr\u00e0 com a punt de trobada l\u2019Escola Font del Roure.\u00a0<\/span><\/p>\n<p><span style=\"font-weight: 400\">Les inscripcions es poden formalitzar del 15 al 30 de maig <a href=\"https:\/\/masquefa.cat\/tramits\">a trav\u00e9s del portal de tr\u00e0mits municipal<\/a> o de manera presencial al Complex Esportiu Municipal.<\/span><\/p>\n<p>&nbsp;<\/p>\n<h4><b>Exposici\u00f3 \u2018Dones trencant barreres. Transformant les ciutats mediterr\u00e0nies\u2019<\/b><\/h4>\n<p><span style=\"font-weight: 400\">Del 10 al 25 de juny, la Biblioteca acollir\u00e0 l\u2019exposici\u00f3 \u2018Dones trencant barreres. Transformant les ciutats mediterr\u00e0nies\u2019. La mostra presenta hist\u00f2ries i imatges de dones de pa\u00efsos com Alg\u00e8ria, Israel, Marroc o Turquia que han desafiat els rols de g\u00e8nere tradicionals i han ocupat espais p\u00fablics dominats pels homes.<\/span><\/p>\n<p><span style=\"font-weight: 400\">Per a m\u00e9s informaci\u00f3 sobre les activitats i les inscripcions, es pot consultar el web municipal a <\/span><a href=\"https:\/\/masquefa.cat\/tramits\"><span style=\"font-weight: 400\">masquefa.cat\/tramits<\/span><\/a><span style=\"font-weight: 400\">.<\/span><\/p>\n","protected":false},"excerpt":{"rendered":"<p>Xerrades, una caminada i una exposici\u00f3 per conscienciar sobre la prevenci\u00f3 i el benestar de les dones L\u2019Ajuntament de Masquefa ha organitzat un programa d\u2019activitats per commemorar el Dia Internacional d\u2019Acci\u00f3 per la Salut de les Dones, que es dur\u00e0 a terme durant el mes de maig i juny amb propostes adre\u00e7ades a la promoci\u00f3&hellip;<\/p>\n","protected":false},"author":7,"featured_media":31201,"comment_status":"closed","ping_status":"closed","sticky":false,"template":"","format":"standard","meta":[],"categories":[96,1,100,68],"tags":[],"_links":{"self":[{"href":"https:\/\/masquefa.cat\/noticies\/wp-json\/wp\/v2\/posts\/31200"}],"collection":[{"href":"https:\/\/masquefa.cat\/noticies\/wp-json\/wp\/v2\/posts"}],"about":[{"href":"https:\/\/masquefa.cat\/noticies\/wp-json\/wp\/v2\/types\/post"}],"author":[{"embeddable":true,"href":"https:\/\/masquefa.cat\/noticies\/wp-json\/wp\/v2\/users\/7"}],"replies":[{"embeddable":true,"href":"https:\/\/masquefa.cat\/noticies\/wp-json\/wp\/v2\/comments?post=31200"}],"version-history":[{"count":5,"href":"https:\/\/masquefa.cat\/noticies\/wp-json\/wp\/v2\/posts\/31200\/revisions"}],"predecessor-version":[{"id":31237,"href":"https:\/\/masquefa.cat\/noticies\/wp-json\/wp\/v2\/posts\/31200\/revisions\/31237"}],"wp:featuredmedia":[{"embeddable":true,"href":"https:\/\/masquefa.cat\/noticies\/wp-json\/wp\/v2\/media\/31201"}],"wp:attachment":[{"href":"https:\/\/masquefa.cat\/noticies\/wp-json\/wp\/v2\/media?parent=31200"}],"wp:term":[{"taxonomy":"category","embeddable":true,"href":"https:\/\/masquefa.cat\/noticies\/wp-json\/wp\/v2\/categories?post=31200"},{"taxonomy":"post_tag","embeddable":true,"href":"https:\/\/masquefa.cat\/noticies\/wp-json\/wp\/v2\/tags?post=31200"}],"curies":[{"name":"wp","href":"https:\/\/api.w.org\/{rel}","templated":true}]}}