{"id":31607,"date":"2025-09-18T14:41:56","date_gmt":"2025-09-18T12:41:56","guid":{"rendered":"https:\/\/masquefa.cat\/noticies\/?p=31607"},"modified":"2025-09-24T13:33:00","modified_gmt":"2025-09-24T11:33:00","slug":"masquefa-celebra-la-setmana-de-la-gent-gran-del-26-de-setembre-al-5-doctubre","status":"publish","type":"post","link":"https:\/\/masquefa.cat\/noticies\/masquefa-celebra-la-setmana-de-la-gent-gran-del-26-de-setembre-al-5-doctubre\/","title":{"rendered":"Masquefa celebra la Setmana de la Gent Gran del 26 de setembre al 5 d\u2019octubre"},"content":{"rendered":"<p><strong>Tallers, espectacles, trobades i activitats l\u00fadiques ompliran el municipi d\u2019homenatges i conviv\u00e8ncia<\/strong><\/p>\n<p>L\u2019Ajuntament de Masquefa, a trav\u00e9s de la Regidoria de Cicles de la Vida, organitza una nova edici\u00f3 de la Setmana de la Gent Gran, que tindr\u00e0 lloc del 26 de setembre al 5 d\u2019octubre. Durant deu dies, les persones grans del municipi podran gaudir d\u2019una \u00e0mplia programaci\u00f3 d\u2019activitats pensades per promoure la participaci\u00f3, el reconeixement i la cohesi\u00f3 comunit\u00e0ria.<\/p>\n<p>L\u2019alcalde de Masquefa, <strong>Daniel Guti\u00e9rrez<\/strong>, ha destacat que \u201c<strong>la gent gran \u00e9s la mem\u00f2ria viva de Masquefa i el seu exemple ens guia. Aquesta setmana \u00e9s un homenatge sincer a la seva contribuci\u00f3, amb activitats pensades per compartir, gaudir i retrobar-nos<\/strong>\u201d.<\/p>\n<p>El <a href=\"https:\/\/ajmasquefa-multimedia-wp.s3.eu-central-1.amazonaws.com\/wp-content\/uploads\/sites\/22\/2025\/09\/18144826\/Post-Setmana-Gent-Gran-Instagram_page-0002.jpg\">programa<\/a>\u00a0inclou propostes molt diverses com tallers de costura, pintura r\u00e0pida, espelmes artesanals o chi-kung, xerrades sobre subministraments b\u00e0sics i autoprotecci\u00f3 a la llar, havaneres, concerts, i concursos com el de trencaclosques. Tamb\u00e9 hi haur\u00e0 berenar popular, activitats interculturals amb danses llatinoamericanes, o el dinar de germanor amb paella popular i ball, el diumenge 28 de setembre al Pavell\u00f3 1, despr\u00e9s de la missa a la Parr\u00f2quia de Sant Pere.<\/p>\n<p>Per la seva banda, el regidor de Cicles de la Vida, <strong>David Oliva<\/strong>, ha volgut posar en valor el paper actiu d\u2019aquest col\u00b7lectiu: \u201c<strong>sou un pilar essencial de la nostra vila. Aquesta setmana \u00e9s per a vosaltres, per celebrar tot el que sou i tot el que continueu aportant<\/strong>\u201d.<\/p>\n","protected":false},"excerpt":{"rendered":"<p>Tallers, espectacles, trobades i activitats l\u00fadiques ompliran el municipi d\u2019homenatges i conviv\u00e8ncia L\u2019Ajuntament de Masquefa, a trav\u00e9s de la Regidoria de Cicles de la Vida, organitza una nova edici\u00f3 de la Setmana de la Gent Gran, que tindr\u00e0 lloc del 26 de setembre al 5 d\u2019octubre. Durant deu dies, les persones grans del municipi podran&hellip;<\/p>\n","protected":false},"author":7,"featured_media":31608,"comment_status":"closed","ping_status":"closed","sticky":false,"template":"","format":"standard","meta":[],"categories":[96,1,64,110],"tags":[],"_links":{"self":[{"href":"https:\/\/masquefa.cat\/noticies\/wp-json\/wp\/v2\/posts\/31607"}],"collection":[{"href":"https:\/\/masquefa.cat\/noticies\/wp-json\/wp\/v2\/posts"}],"about":[{"href":"https:\/\/masquefa.cat\/noticies\/wp-json\/wp\/v2\/types\/post"}],"author":[{"embeddable":true,"href":"https:\/\/masquefa.cat\/noticies\/wp-json\/wp\/v2\/users\/7"}],"replies":[{"embeddable":true,"href":"https:\/\/masquefa.cat\/noticies\/wp-json\/wp\/v2\/comments?post=31607"}],"version-history":[{"count":4,"href":"https:\/\/masquefa.cat\/noticies\/wp-json\/wp\/v2\/posts\/31607\/revisions"}],"predecessor-version":[{"id":31613,"href":"https:\/\/masquefa.cat\/noticies\/wp-json\/wp\/v2\/posts\/31607\/revisions\/31613"}],"wp:featuredmedia":[{"embeddable":true,"href":"https:\/\/masquefa.cat\/noticies\/wp-json\/wp\/v2\/media\/31608"}],"wp:attachment":[{"href":"https:\/\/masquefa.cat\/noticies\/wp-json\/wp\/v2\/media?parent=31607"}],"wp:term":[{"taxonomy":"category","embeddable":true,"href":"https:\/\/masquefa.cat\/noticies\/wp-json\/wp\/v2\/categories?post=31607"},{"taxonomy":"post_tag","embeddable":true,"href":"https:\/\/masquefa.cat\/noticies\/wp-json\/wp\/v2\/tags?post=31607"}],"curies":[{"name":"wp","href":"https:\/\/api.w.org\/{rel}","templated":true}]}}