{"id":31676,"date":"2025-10-03T13:25:54","date_gmt":"2025-10-03T11:25:54","guid":{"rendered":"https:\/\/masquefa.cat\/noticies\/?p=31676"},"modified":"2025-10-03T13:29:21","modified_gmt":"2025-10-03T11:29:21","slug":"masquefa-commemora-el-dia-internacional-del-turisme-amb-una-visita-guiada-pel-patrimoni-i-les-caves","status":"publish","type":"post","link":"https:\/\/masquefa.cat\/noticies\/masquefa-commemora-el-dia-internacional-del-turisme-amb-una-visita-guiada-pel-patrimoni-i-les-caves\/","title":{"rendered":"Masquefa commemora el Dia Internacional del Turisme amb una visita guiada pel patrimoni i les caves"},"content":{"rendered":"<p><strong>La jornada va posar en valor el ric llegat hist\u00f2ric, cultural i enotur\u00edstic de la vila amb una ruta per la F\u00e0brica Rogelio Rojo, el Cam\u00ed Ral i les Caves Ravent\u00f3s Rosell<\/strong><\/p>\n<p>El passat dissabte 27 de setembre, Masquefa es va sumar a la celebraci\u00f3 del Dia Internacional del Turisme amb una visita guiada que va permetre descobrir el patrimoni hist\u00f2ric, cultural i enotur\u00edstic de la vila.<\/p>\n<p>L\u2019alcalde de Masquefa, <strong>Daniel Guti\u00e9rrez<\/strong>, va destacar que <strong>\u201caquest tipus d\u2019iniciatives ens permeten recuperar i difondre la nostra identitat, alhora que projectem Masquefa com una vila acollidora i amb atractius singulars<\/strong>\u201d.<\/p>\n<p>La jornada va comen\u00e7ar al Centre d\u2019Interpretaci\u00f3 Rogelio Rojo, on els participants van con\u00e8ixer la hist\u00f2ria de la f\u00e0brica i la seva import\u00e0ncia en la vida social i econ\u00f2mica de Masquefa. A continuaci\u00f3, l\u2019itinerari va seguir pel Cam\u00ed Ral, un dels eixos hist\u00f2rics de comunicaci\u00f3 de la vila.<\/p>\n<p>Els assistents tamb\u00e9 van poder visitar l\u2019exposici\u00f3 a l\u2019esgl\u00e9sia i l\u2019exposici\u00f3 a la capella del Roser, dues mostres que enriqueixen el recorregut amb el testimoni art\u00edstic i patrimonial local.<\/p>\n<p>La sortida es va completar amb una visita a les Caves Ravent\u00f3s Rosell, on els participants van endinsar-se en el m\u00f3n de l\u2019elaboraci\u00f3 del vi i el cava i van gaudir d\u2019una experi\u00e8ncia enotur\u00edstica \u00fanica.<\/p>\n<p>L\u2019Ajuntament de Masquefa vol agrair la participaci\u00f3 de totes les persones que es van sumar a aquesta proposta, aix\u00ed com als agents tur\u00edstics amb els que treballem i que fan una tasca imprescindible, i reafirma el seu comprom\u00eds de continuar organitzant activitats que posin en valor el patrimoni local i fomentin el turisme sostenible i de proximitat.<\/p>\n<p>&nbsp;<\/p>\n","protected":false},"excerpt":{"rendered":"<p>La jornada va posar en valor el ric llegat hist\u00f2ric, cultural i enotur\u00edstic de la vila amb una ruta per la F\u00e0brica Rogelio Rojo, el Cam\u00ed Ral i les Caves Ravent\u00f3s Rosell El passat dissabte 27 de setembre, Masquefa es va sumar a la celebraci\u00f3 del Dia Internacional del Turisme amb una visita guiada que&hellip;<\/p>\n","protected":false},"author":7,"featured_media":31677,"comment_status":"closed","ping_status":"closed","sticky":false,"template":"","format":"standard","meta":[],"categories":[96,1,99],"tags":[],"_links":{"self":[{"href":"https:\/\/masquefa.cat\/noticies\/wp-json\/wp\/v2\/posts\/31676"}],"collection":[{"href":"https:\/\/masquefa.cat\/noticies\/wp-json\/wp\/v2\/posts"}],"about":[{"href":"https:\/\/masquefa.cat\/noticies\/wp-json\/wp\/v2\/types\/post"}],"author":[{"embeddable":true,"href":"https:\/\/masquefa.cat\/noticies\/wp-json\/wp\/v2\/users\/7"}],"replies":[{"embeddable":true,"href":"https:\/\/masquefa.cat\/noticies\/wp-json\/wp\/v2\/comments?post=31676"}],"version-history":[{"count":4,"href":"https:\/\/masquefa.cat\/noticies\/wp-json\/wp\/v2\/posts\/31676\/revisions"}],"predecessor-version":[{"id":31681,"href":"https:\/\/masquefa.cat\/noticies\/wp-json\/wp\/v2\/posts\/31676\/revisions\/31681"}],"wp:featuredmedia":[{"embeddable":true,"href":"https:\/\/masquefa.cat\/noticies\/wp-json\/wp\/v2\/media\/31677"}],"wp:attachment":[{"href":"https:\/\/masquefa.cat\/noticies\/wp-json\/wp\/v2\/media?parent=31676"}],"wp:term":[{"taxonomy":"category","embeddable":true,"href":"https:\/\/masquefa.cat\/noticies\/wp-json\/wp\/v2\/categories?post=31676"},{"taxonomy":"post_tag","embeddable":true,"href":"https:\/\/masquefa.cat\/noticies\/wp-json\/wp\/v2\/tags?post=31676"}],"curies":[{"name":"wp","href":"https:\/\/api.w.org\/{rel}","templated":true}]}}