{"id":31805,"date":"2025-11-05T13:36:32","date_gmt":"2025-11-05T12:36:32","guid":{"rendered":"https:\/\/masquefa.cat\/noticies\/?p=31805"},"modified":"2025-11-05T13:36:32","modified_gmt":"2025-11-05T12:36:32","slug":"masquefa-promou-lacces-a-lhabitatge-protegit-tot-el-que-cal-saber-per-inscriures-al-registre-de-sollicitants-2","status":"publish","type":"post","link":"https:\/\/masquefa.cat\/noticies\/masquefa-promou-lacces-a-lhabitatge-protegit-tot-el-que-cal-saber-per-inscriures-al-registre-de-sollicitants-2\/","title":{"rendered":"Masquefa promou l&#8217;acc\u00e9s a l&#8217;habitatge protegit: tot el que cal saber per inscriure&#8217;s al Registre de Sol\u00b7licitants"},"content":{"rendered":"<p><strong>La inscripci\u00f3 es pot fer de forma telem\u00e0tica a la seu habilitada per l\u2019Ag\u00e8ncia de l\u2019Habitatge de Catalunya <\/strong><a href=\"http:\/\/www.registresolicitants.cat\"><strong>www.registresolicitants.cat<\/strong><\/a><\/p>\n<p>L&#8217;Ajuntament de Masquefa reafirma el seu comprom\u00eds amb el dret a un habitatge digne i accessible per a tothom. Per aix\u00f2 est\u00e0 promovent un conjunt de modificacions urban\u00edstiques que tenen com a objectiu la generaci\u00f3 d\u2019habitatge a preu assequible per a joves i fam\u00edlies. L\u2019objectiu \u00e9s que els joves i les fam\u00edlies de Masquefa puguin desenvolupar els seus projectes vitals aqu\u00ed, a la nostra Vila.<\/p>\n<p>Els dos solars sobre els que s\u2019est\u00e0 treballant estan ubicats a:<\/p>\n<ul>\n<li>Carrer Montserrat 2-4 (Ca l\u2019Adroguer)<\/li>\n<li>Carrer Granollers (sota de l\u2019skate park)<\/li>\n<\/ul>\n<p>Per aix\u00f2, recorda a la ciutadania que per poder optar a un habitatge de protecci\u00f3 oficial \u2014tant de compra com de lloguer\u2014 cal estar inscrit pr\u00e8viament al <strong>Registre de Sol\u00b7licitants d&#8217;Habitatge amb Protecci\u00f3 Oficial de Catalunya<\/strong>.<\/p>\n<p>Aquest registre \u00e9s una eina fonamental per garantir la <strong>transpar\u00e8ncia i l&#8217;equitat<\/strong> en l\u2019adjudicaci\u00f3 d\u2019habitatges protegits i permet con\u00e8ixer les necessitats reals d\u2019habitatge al territori. A m\u00e9s, facilita l\u2019agilitzaci\u00f3 dels processos d\u2019adjudicaci\u00f3 per part de les administracions p\u00fabliques.<\/p>\n<p><strong>\u00a0<\/strong><\/p>\n<p><strong>Com inscriure\u2019s?<\/strong><\/p>\n<p>La inscripci\u00f3 es pot fer de <strong>manera telem\u00e0tica<\/strong> a trav\u00e9s del web oficial: <a href=\"http:\/\/www.registresolicitants.cat\/\">www.registresolicitants.cat<\/a>. Un cop emplenat el formulari, cal portar-lo impr\u00e8s a les oficines municipals de serveis territorials (Carrer Dr. Jover, 4).<\/p>\n<p>Poden inscriure-s\u2019hi persones majors d\u2019edat o emancipades, <strong>amb necessitat d\u2019habitatge, empadronades a Catalunya<\/strong>, i que compleixin els requisits d\u2019ingressos establerts per la normativa. Es poden indicar fins a tres municipis com a zones de demanda, per\u00f2 cal inscriure\u2019s al municipi on s\u2019est\u00e0 empadronat\/da.<\/p>\n<p>La inscripci\u00f3 al registre <strong>no garanteix l\u2019adjudicaci\u00f3 autom\u00e0tica d\u2019un habitatge<\/strong>, per\u00f2 \u00e9s un pas imprescindible per poder accedir-hi quan se\u2019n faci la convocat\u00f2ria.<\/p>\n<p><strong>\u00a0<\/strong><\/p>\n<p><strong>Reserva de s\u00f2l previst per a<\/strong>\u00a0<strong>promocions d\u2019habitatges de protecci\u00f3 oficial\u00a0<\/strong><\/p>\n<p>L\u2019Ajuntament de Masquefa ha inscrit les parcel\u00b7les del Carrer Montserrat 2-4 en la reserva p\u00fablica de s\u00f2ls de la Generalitat de Catalunya. L\u2019objectiu de la reserva de s\u00f2l de la Generalitat \u00e9s construir 50.000 habitatges fins al 2030 a Catalunya. A la parcel\u00b7la del carrer Montserrat 2-4 s\u2019hi podrien generar m\u00e9s de 20 habitatges.<\/p>\n<p>Amb aquesta aposta decidida, Masquefa avan\u00e7a cap a un model de municipi inclusiu, sostenible i amb oportunitats per a tothom, posant l&#8217;habitatge al centre de les pol\u00edtiques socials.<\/p>\n<p>&nbsp;<\/p>\n","protected":false},"excerpt":{"rendered":"<p>La inscripci\u00f3 es pot fer de forma telem\u00e0tica a la seu habilitada per l\u2019Ag\u00e8ncia de l\u2019Habitatge de Catalunya www.registresolicitants.cat L&#8217;Ajuntament de Masquefa reafirma el seu comprom\u00eds amb el dret a un habitatge digne i accessible per a tothom. Per aix\u00f2 est\u00e0 promovent un conjunt de modificacions urban\u00edstiques que tenen com a objectiu la generaci\u00f3 d\u2019habitatge&hellip;<\/p>\n","protected":false},"author":7,"featured_media":31806,"comment_status":"closed","ping_status":"closed","sticky":false,"template":"","format":"standard","meta":[],"categories":[96,1,101],"tags":[],"_links":{"self":[{"href":"https:\/\/masquefa.cat\/noticies\/wp-json\/wp\/v2\/posts\/31805"}],"collection":[{"href":"https:\/\/masquefa.cat\/noticies\/wp-json\/wp\/v2\/posts"}],"about":[{"href":"https:\/\/masquefa.cat\/noticies\/wp-json\/wp\/v2\/types\/post"}],"author":[{"embeddable":true,"href":"https:\/\/masquefa.cat\/noticies\/wp-json\/wp\/v2\/users\/7"}],"replies":[{"embeddable":true,"href":"https:\/\/masquefa.cat\/noticies\/wp-json\/wp\/v2\/comments?post=31805"}],"version-history":[{"count":1,"href":"https:\/\/masquefa.cat\/noticies\/wp-json\/wp\/v2\/posts\/31805\/revisions"}],"predecessor-version":[{"id":31807,"href":"https:\/\/masquefa.cat\/noticies\/wp-json\/wp\/v2\/posts\/31805\/revisions\/31807"}],"wp:featuredmedia":[{"embeddable":true,"href":"https:\/\/masquefa.cat\/noticies\/wp-json\/wp\/v2\/media\/31806"}],"wp:attachment":[{"href":"https:\/\/masquefa.cat\/noticies\/wp-json\/wp\/v2\/media?parent=31805"}],"wp:term":[{"taxonomy":"category","embeddable":true,"href":"https:\/\/masquefa.cat\/noticies\/wp-json\/wp\/v2\/categories?post=31805"},{"taxonomy":"post_tag","embeddable":true,"href":"https:\/\/masquefa.cat\/noticies\/wp-json\/wp\/v2\/tags?post=31805"}],"curies":[{"name":"wp","href":"https:\/\/api.w.org\/{rel}","templated":true}]}}