{"id":31824,"date":"2025-11-11T12:02:34","date_gmt":"2025-11-11T11:02:34","guid":{"rendered":"https:\/\/masquefa.cat\/noticies\/?p=31824"},"modified":"2025-11-11T12:02:34","modified_gmt":"2025-11-11T11:02:34","slug":"masquefa-ofereix-un-taller-de-suport-vital-basic-i-us-del-desfibrillador-el-20-de-novembre","status":"publish","type":"post","link":"https:\/\/masquefa.cat\/noticies\/masquefa-ofereix-un-taller-de-suport-vital-basic-i-us-del-desfibrillador-el-20-de-novembre\/","title":{"rendered":"Masquefa ofereix un taller de Suport Vital B\u00e0sic i \u00fas del desfibril\u00b7lador el 20 de novembre"},"content":{"rendered":"<p><strong>La sessi\u00f3 \u00e9s oberta a la ciutadania i pret\u00e9n oferir eines b\u00e0siques per actuar davant situacions d\u2019emerg\u00e8ncia m\u00e8dica<\/strong><\/p>\n<p>La Regidoria de Benestar Social de l\u2019Ajuntament de Masquefa, en col\u00b7laboraci\u00f3 amb el CAP de la vila, ha organitzat un curs-taller de Suport Vital B\u00e0sic (SVB) i \u00fas del Desfibril\u00b7lador Extern Autom\u00e0tic (DEA). La sessi\u00f3 tindr\u00e0 lloc el dijous 20 de novembre de 2025, de 19 a 20.30 h, al Centre Tecnol\u00f2gic Comunitari (CTC).<\/p>\n<p>Aquesta formaci\u00f3 est\u00e0 adre\u00e7ada a tots els vilatans i t\u00e9 com a objectiu dotar els participants de coneixements b\u00e0sics per actuar en situacions d\u2019emerg\u00e8ncia com convulsions, dificultats respirat\u00f2ries o p\u00e8rdua de consci\u00e8ncia, aix\u00ed com aprendre a utilitzar correctament un desfibril\u00b7lador. El taller ser\u00e0 impartit per un infermer del CAP de Masquefa.<\/p>\n<p>Les persones interessades hauran de formalitzar la inscripci\u00f3 pr\u00e8via enviant un correu electr\u00f2nic a salut@masquefa.net, indicant el nom i cognoms, tel\u00e8fon de contacte i adre\u00e7a electr\u00f2nica.<\/p>\n","protected":false},"excerpt":{"rendered":"<p>La sessi\u00f3 \u00e9s oberta a la ciutadania i pret\u00e9n oferir eines b\u00e0siques per actuar davant situacions d\u2019emerg\u00e8ncia m\u00e8dica La Regidoria de Benestar Social de l\u2019Ajuntament de Masquefa, en col\u00b7laboraci\u00f3 amb el CAP de la vila, ha organitzat un curs-taller de Suport Vital B\u00e0sic (SVB) i \u00fas del Desfibril\u00b7lador Extern Autom\u00e0tic (DEA). La sessi\u00f3 tindr\u00e0 lloc&hellip;<\/p>\n","protected":false},"author":7,"featured_media":31825,"comment_status":"closed","ping_status":"closed","sticky":false,"template":"","format":"standard","meta":[],"categories":[96,1,69],"tags":[],"_links":{"self":[{"href":"https:\/\/masquefa.cat\/noticies\/wp-json\/wp\/v2\/posts\/31824"}],"collection":[{"href":"https:\/\/masquefa.cat\/noticies\/wp-json\/wp\/v2\/posts"}],"about":[{"href":"https:\/\/masquefa.cat\/noticies\/wp-json\/wp\/v2\/types\/post"}],"author":[{"embeddable":true,"href":"https:\/\/masquefa.cat\/noticies\/wp-json\/wp\/v2\/users\/7"}],"replies":[{"embeddable":true,"href":"https:\/\/masquefa.cat\/noticies\/wp-json\/wp\/v2\/comments?post=31824"}],"version-history":[{"count":1,"href":"https:\/\/masquefa.cat\/noticies\/wp-json\/wp\/v2\/posts\/31824\/revisions"}],"predecessor-version":[{"id":31826,"href":"https:\/\/masquefa.cat\/noticies\/wp-json\/wp\/v2\/posts\/31824\/revisions\/31826"}],"wp:featuredmedia":[{"embeddable":true,"href":"https:\/\/masquefa.cat\/noticies\/wp-json\/wp\/v2\/media\/31825"}],"wp:attachment":[{"href":"https:\/\/masquefa.cat\/noticies\/wp-json\/wp\/v2\/media?parent=31824"}],"wp:term":[{"taxonomy":"category","embeddable":true,"href":"https:\/\/masquefa.cat\/noticies\/wp-json\/wp\/v2\/categories?post=31824"},{"taxonomy":"post_tag","embeddable":true,"href":"https:\/\/masquefa.cat\/noticies\/wp-json\/wp\/v2\/tags?post=31824"}],"curies":[{"name":"wp","href":"https:\/\/api.w.org\/{rel}","templated":true}]}}