{"id":31878,"date":"2025-11-21T15:13:14","date_gmt":"2025-11-21T14:13:14","guid":{"rendered":"https:\/\/masquefa.cat\/noticies\/?p=31878"},"modified":"2025-11-21T15:14:13","modified_gmt":"2025-11-21T14:14:13","slug":"publicada-la-llista-provisional-dadmesos-i-exclosos-de-la-borsa-de-treball-doperaris-i-conserges-de-lajuntament-de-masquefa","status":"publish","type":"post","link":"https:\/\/masquefa.cat\/noticies\/publicada-la-llista-provisional-dadmesos-i-exclosos-de-la-borsa-de-treball-doperaris-i-conserges-de-lajuntament-de-masquefa\/","title":{"rendered":"Publicada la llista provisional d\u2019admesos i exclosos de la borsa de treball d\u2019operaris i conserges de l\u2019Ajuntament de Masquefa"},"content":{"rendered":"<p data-start=\"396\" data-end=\"709\">L\u2019Ajuntament de Masquefa fa p\u00fablica la <strong data-start=\"439\" data-end=\"492\">llista provisional d\u2019aspirants admesos i exclosos<\/strong> del proc\u00e9s selectiu per a la constituci\u00f3 d\u2019una <strong data-start=\"540\" data-end=\"583\">borsa de treball d\u2019operaris i conserges<\/strong>, corresponent al subgrup AP, mitjan\u00e7ant el sistema de <strong data-start=\"638\" data-end=\"658\">concurs-oposici\u00f3<\/strong> per a futures contractacions de car\u00e0cter temporal.<\/p>\n<h3 data-start=\"865\" data-end=\"905\"><strong data-start=\"869\" data-end=\"905\">Termini d\u2019esmenes i al\u00b7legacions<\/strong><\/h3>\n<p data-start=\"906\" data-end=\"1167\">Les persones candidates disposen d\u2019un <strong data-start=\"944\" data-end=\"972\">termini de 5 dies h\u00e0bils<\/strong> a partir de l\u2019endem\u00e0 de la publicaci\u00f3 d\u2019aquesta resoluci\u00f3 al tauler d\u2019anuncis de la seu electr\u00f2nica per <strong data-start=\"1077\" data-end=\"1112\">aportar la documentaci\u00f3 pendent<\/strong> o presentar les al\u00b7legacions que considerin oportunes.<\/p>\n<p data-start=\"1169\" data-end=\"1304\">En cas de no presentar-se al\u00b7legacions, la llista provisional quedar\u00e0 <strong data-start=\"1239\" data-end=\"1263\">elevada a definitiva<\/strong>, sense necessitat d\u2019una nova publicaci\u00f3.<\/p>\n<p data-start=\"1169\" data-end=\"1304\">Consulta tota la informaci\u00f3 <a href=\"https:\/\/ajmasquefa-multimedia-wp.s3.eu-central-1.amazonaws.com\/wp-content\/uploads\/sites\/22\/2025\/11\/21151232\/decret-llista-provisional-admesos-i-exclosos-borsa-operaris-i-conserges-Aj-Masquefa.pdf\">aqu\u00ed<\/a>.<\/p>\n","protected":false},"excerpt":{"rendered":"<p>L\u2019Ajuntament de Masquefa fa p\u00fablica la llista provisional d\u2019aspirants admesos i exclosos del proc\u00e9s selectiu per a la constituci\u00f3 d\u2019una borsa de treball d\u2019operaris i conserges, corresponent al subgrup AP, mitjan\u00e7ant el sistema de concurs-oposici\u00f3 per a futures contractacions de car\u00e0cter temporal. Termini d\u2019esmenes i al\u00b7legacions Les persones candidates disposen d\u2019un termini de 5 dies&hellip;<\/p>\n","protected":false},"author":7,"featured_media":0,"comment_status":"closed","ping_status":"closed","sticky":false,"template":"","format":"standard","meta":[],"categories":[96,1,107],"tags":[],"_links":{"self":[{"href":"https:\/\/masquefa.cat\/noticies\/wp-json\/wp\/v2\/posts\/31878"}],"collection":[{"href":"https:\/\/masquefa.cat\/noticies\/wp-json\/wp\/v2\/posts"}],"about":[{"href":"https:\/\/masquefa.cat\/noticies\/wp-json\/wp\/v2\/types\/post"}],"author":[{"embeddable":true,"href":"https:\/\/masquefa.cat\/noticies\/wp-json\/wp\/v2\/users\/7"}],"replies":[{"embeddable":true,"href":"https:\/\/masquefa.cat\/noticies\/wp-json\/wp\/v2\/comments?post=31878"}],"version-history":[{"count":2,"href":"https:\/\/masquefa.cat\/noticies\/wp-json\/wp\/v2\/posts\/31878\/revisions"}],"predecessor-version":[{"id":31881,"href":"https:\/\/masquefa.cat\/noticies\/wp-json\/wp\/v2\/posts\/31878\/revisions\/31881"}],"wp:attachment":[{"href":"https:\/\/masquefa.cat\/noticies\/wp-json\/wp\/v2\/media?parent=31878"}],"wp:term":[{"taxonomy":"category","embeddable":true,"href":"https:\/\/masquefa.cat\/noticies\/wp-json\/wp\/v2\/categories?post=31878"},{"taxonomy":"post_tag","embeddable":true,"href":"https:\/\/masquefa.cat\/noticies\/wp-json\/wp\/v2\/tags?post=31878"}],"curies":[{"name":"wp","href":"https:\/\/api.w.org\/{rel}","templated":true}]}}